{"id":207101,"date":"2020-04-16T13:51:28","date_gmt":"2020-04-16T10:51:28","guid":{"rendered":"http:\/\/www.sana.sy\/tr\/?p=207101"},"modified":"2020-04-17T08:43:33","modified_gmt":"2020-04-17T05:43:33","slug":"yefimov-suriyede-korona-virusu-ile-ilgili-durum-kontrol-altinda-batili-yaptirimlarin-kaldirilmasina-cagiriyoruz","status":"publish","type":"post","link":"https:\/\/archive.sana.sy\/tr\/?p=207101","title":{"rendered":"Yefimov: Suriye&#8217;de Korona vir\u00fcs\u00fc ile ilgili durum kontrol alt\u0131nda Bat\u0131l\u0131 Yapt\u0131r\u0131mlar\u0131n Kald\u0131r\u0131lmas\u0131na \u00c7a\u011f\u0131r\u0131yoruz"},"content":{"rendered":"<p>\u015eAM &#8211; Rusya&#8217;n\u0131n \u015eam B\u00fcy\u00fckel\u00e7isi Aleksander Yefimov, Suriye&#8217;deki yeni tip korona vir\u00fcs\u00fc ile ilgili durumun hala kontrol alt\u0131nda oldu\u011funu belirterek Suriye&#8217;ye ve vir\u00fcsle ba\u015fa \u00e7\u0131kma olas\u0131l\u0131klar\u0131 s\u0131n\u0131rl\u0131 olan baz\u0131 \u00fclkelere uygulanan Bat\u0131l\u0131 yapt\u0131r\u0131mlar\u0131n kald\u0131r\u0131lmas\u0131na \u00e7a\u011fr\u0131 yapt\u0131.<\/p>\n<p>Yefimov, Sputnik ajans\u0131n\u0131n kendisiyle d\u00fczenledi\u011fi ve bug\u00fcn yay\u0131nlad\u0131\u011f\u0131 r\u00f6portaj\u0131nda, Suriye&#8217;deki sa\u011fl\u0131k sisteminin ter\u00f6rist sava\u015ftan etkilenmesine ve ona kar\u015f\u0131 yap\u0131lan haks\u0131z Bat\u0131l\u0131 yapt\u0131r\u0131mlara ra\u011fmen, Suriye&#8217;nin bu \u015fartlara ra\u011fmen, vir\u00fcsle ba\u015fa \u00e7\u0131kmak i\u00e7in t\u00fcm kaynaklar\u0131n\u0131 ve g\u00fcc\u00fcn\u00fc harekete ge\u00e7irdi\u011fini belirtti.<\/p>\n<p>Yefimov, Suriye h\u00fck\u00fcmetinin salg\u0131n\u0131n proaktif derecesine ula\u015fmadan ak\u0131ll\u0131ca hareket etti\u011fini ve gerekli t\u0131bbi ve idari \u00f6nlemleri h\u0131zl\u0131 bir \u015fekilde ald\u0131\u011f\u0131n\u0131 a\u00e7\u0131klayarak; \u00f6zellikle, Suriye otoritelerinin ortaya \u00e7\u0131kan yeni tip korona vir\u00fcs\u00fcn\u00fc icraatlar\u0131na ba\u011fl\u0131 olan karantina ve m\u00fcdahale \u00f6nlemlerine ra\u011fmen \u00fclkedeki istikrarl\u0131 sosyal ve ekonomik durumu korumak i\u00e7in g\u00f6sterdi\u011fi aktif \u00e7abalara i\u015faret etmek istedi\u011fini kaydetti.<\/p>\n<p>Suriye ile Rusya aras\u0131nda korona vir\u00fcs\u00fcne kar\u015f\u0131 koymak i\u00e7in i\u015fbirli\u011fi konusunda B\u00fcy\u00fckel\u00e7i Yefimov, iki \u00fclke aras\u0131ndaki aktif i\u015fbirli\u011finin bu konuda devam etti\u011fini belirterek, vir\u00fcs\u00fcn Suriye&#8217;deki yay\u0131lmas\u0131n\u0131n ve di\u011fer \u00fclkelerden farkl\u0131 olarak hala s\u0131n\u0131rl\u0131 oldu\u011funu, gerekirse Rusya&#8217;n\u0131n Suriyelilere yard\u0131m etmek i\u00e7in ek imkanlar\u0131 da d\u00fc\u015f\u00fcnd\u00fc\u011f\u00fcne i\u015faret etti.<\/p>\n<p>Yefimov, Rusya ve baz\u0131 \u00fclkelerin Suriye&#8217;ye ve baz\u0131 \u00fclkelere uygulanan tek tarafl\u0131 Bat\u0131l\u0131 yapt\u0131r\u0131mlar\u0131n derhal ve tamamen kald\u0131r\u0131lmas\u0131 i\u00e7in \u00e7a\u011fr\u0131da bulunduklar\u0131n\u0131 vurgulayarak, bu yapt\u0131r\u0131mlar\u0131n bu \u00fclkelerin korona vir\u00fcs\u00fcn\u00fcn yay\u0131lmas\u0131na kar\u015f\u0131 koyma icraatlar\u0131n\u0131 s\u0131n\u0131rl\u0131 hale getirdi\u011fini belirtti.<\/p>\n<p>Rus B\u00fcy\u00fckel\u00e7isi, \u00fclkesinin bu konuda Birle\u015fmi\u015f Milletler Genel Sekreteri Antonio Guterres ve bununla ilgili di\u011fer Birle\u015fmi\u015f Milletler temsilcilerinin inisiyatifine verdi\u011fi deste\u011fi dile getirdi.<\/p>\n<p>Yefimov: &#8220;Maalesef \u00e7a\u011fr\u0131lar\u0131m\u0131za herhangi bir yan\u0131t gelmedi. D\u00fc\u015fmanca yapt\u0131r\u0131m politikas\u0131n\u0131n tan\u0131nm\u0131\u015f savunucular\u0131, bug\u00fcn en savunmas\u0131z \u00fclkelere binlerce insan\u0131 tehlikenin e\u015fi\u011fine getirebilecek yakla\u015f\u0131mlar\u0131ndan vazge\u00e7meyecek. Bu tehlikeli sorun sadece Suriye ile s\u0131n\u0131rl\u0131 de\u011fildir&#8221; dedi.<\/p>\n<p>Korona vir\u00fcs krizi \u0131\u015f\u0131\u011f\u0131nda Suriye&#8217;nin el Cezire b\u00f6lgesindeki durum hakk\u0131nda ise Rus b\u00fcy\u00fckel\u00e7isi, Suriyeli d\u00fc\u015fmanlar\u0131n o b\u00f6lgede salg\u0131nla ilgili durumu istismar ederek, Suriyelilerin \u00e7\u0131karlar\u0131yla yak\u0131ndan uzaktan ilgisi olmayan \u00e7\u0131karlar\u0131n\u0131 sa\u011flamak hedefiyle yalan yanl\u0131\u015f insanl\u0131k sloganlar\u0131n\u0131 arkas\u0131nda sakland\u0131klar\u0131n\u0131, ter\u00f6rizmle m\u00fccadelesini durdurmak i\u00e7in Suriye&#8217;ye ve h\u00fckumet kurumlar\u0131na y\u00f6nelik siyasi ve ekonomik bask\u0131ya devam ettiklerini vurgulad\u0131.<\/p>\n<p>&nbsp;<\/p>\n","protected":false},"excerpt":{"rendered":"<p>\u015eAM &#8211; Rusya&#8217;n\u0131n \u015eam B\u00fcy\u00fckel\u00e7isi Aleksander Yefimov, Suriye&#8217;deki yeni tip korona vir\u00fcs\u00fc ile ilgili durumun hala kontrol alt\u0131nda oldu\u011funu belirterek Suriye&#8217;ye ve vir\u00fcsle ba\u015fa \u00e7\u0131kma olas\u0131l\u0131klar\u0131 s\u0131n\u0131rl\u0131 olan baz\u0131 \u00fclkelere uygulanan Bat\u0131l\u0131 yapt\u0131r\u0131mlar\u0131n kald\u0131r\u0131lmas\u0131na \u00e7a\u011fr\u0131 yapt\u0131. Yefimov, Sputnik ajans\u0131n\u0131n kendisiyle d\u00fczenledi\u011fi ve bug\u00fcn yay\u0131nlad\u0131\u011f\u0131 r\u00f6portaj\u0131nda, Suriye&#8217;deki sa\u011fl\u0131k sisteminin ter\u00f6rist sava\u015ftan etkilenmesine ve ona kar\u015f\u0131 yap\u0131lan &hellip;<\/p>\n","protected":false},"author":1,"featured_media":207102,"comment_status":"closed","ping_status":"closed","sticky":false,"template":"","format":"standard","meta":{"footnotes":""},"categories":[526,479,17988,525,478],"tags":[],"class_list":["post-207101","post","type-post","status-publish","format-standard","has-post-thumbnail","","category-haber-ve-raporlar","category-haberler-yerel","category-son-haberler","category-toplum","category-yerel"],"_links":{"self":[{"href":"https:\/\/archive.sana.sy\/tr\/index.php?rest_route=\/wp\/v2\/posts\/207101","targetHints":{"allow":["GET"]}}],"collection":[{"href":"https:\/\/archive.sana.sy\/tr\/index.php?rest_route=\/wp\/v2\/posts"}],"about":[{"href":"https:\/\/archive.sana.sy\/tr\/index.php?rest_route=\/wp\/v2\/types\/post"}],"author":[{"embeddable":true,"href":"https:\/\/archive.sana.sy\/tr\/index.php?rest_route=\/wp\/v2\/users\/1"}],"replies":[{"embeddable":true,"href":"https:\/\/archive.sana.sy\/tr\/index.php?rest_route=%2Fwp%2Fv2%2Fcomments&post=207101"}],"version-history":[{"count":0,"href":"https:\/\/archive.sana.sy\/tr\/index.php?rest_route=\/wp\/v2\/posts\/207101\/revisions"}],"wp:featuredmedia":[{"embeddable":true,"href":"https:\/\/archive.sana.sy\/tr\/index.php?rest_route=\/wp\/v2\/media\/207102"}],"wp:attachment":[{"href":"https:\/\/archive.sana.sy\/tr\/index.php?rest_route=%2Fwp%2Fv2%2Fmedia&parent=207101"}],"wp:term":[{"taxonomy":"category","embeddable":true,"href":"https:\/\/archive.sana.sy\/tr\/index.php?rest_route=%2Fwp%2Fv2%2Fcategories&post=207101"},{"taxonomy":"post_tag","embeddable":true,"href":"https:\/\/archive.sana.sy\/tr\/index.php?rest_route=%2Fwp%2Fv2%2Ftags&post=207101"}],"curies":[{"name":"wp","href":"https:\/\/api.w.org\/{rel}","templated":true}]}}