{"id":207108,"date":"2020-04-16T15:30:00","date_gmt":"2020-04-16T12:30:00","guid":{"rendered":"http:\/\/www.sana.sy\/tr\/?p=207108"},"modified":"2020-04-17T08:29:46","modified_gmt":"2020-04-17T05:29:46","slug":"sener-turkiyedeki-zor-saglik-ve-mali-durumun-sorumlusu-erdogandir","status":"publish","type":"post","link":"https:\/\/archive.sana.sy\/tr\/?p=207108","title":{"rendered":"\u015eener, T\u00fcrkiye&#8217;deki Zor Sa\u011fl\u0131k ve Mali Durumun Sorumlusu Erdo\u011fan&#8217;d\u0131r"},"content":{"rendered":"<p>ANKARA \u2013 Cumhuriyet Halk Partisi Milletvekili, eski T\u00fcrkiye Ba\u015fbakan Yard\u0131mc\u0131s\u0131 Abdullatif \u015eener, T\u00fcrk rejimi ba\u015fkan\u0131 Recep Tayyip Erdo\u011fan\u2019\u0131n T\u00fcrkiye\u2019de Korona vir\u00fcs\u00fcn yay\u0131lmas\u0131 sonucunda ortaya \u00e7\u0131kan zor sa\u011fl\u0131k ve mali durumdan sorumlu oldu\u011funu belirterek, , Erdo\u011fan otoritelerinin bu salg\u0131n\u0131n ihtiva edilmesi icraatlar\u0131n\u0131n al\u0131nmas\u0131nda gecikti\u011fine dikkat \u00e7ekti.<\/p>\n<p>T\u00fcrk TV5 kanal\u0131na verdi\u011fi deme\u00e7te \u015eener, Erdo\u011fan otoritelerinin korona salg\u0131n\u0131na kar\u015f\u0131 koymak i\u00e7in acil kurtarma plan\u0131 koymaya \u00e7a\u011f\u0131rarak, bu planlar\u0131 i\u00e7erisinde, Erdo\u011fan&#8217;\u0131 kastederek &#8220;\u00f6zel u\u00e7aklar\u0131n\u0131 satmak ve yeni saraylar\u0131n yap\u0131m\u0131n\u0131 durdurmak&#8221; yan\u0131 s\u0131ra ba\u015fta tamamen kepenk kapatma sonucunda i\u015flerini kaybedenler olmak \u00fczere T\u00fcrk vatanda\u015flar\u0131na yard\u0131m etmek, oldu\u011funu dile getirdi.<\/p>\n<p>\u015eener, Erdo\u011fan&#8217;\u0131n i\u00e7 ve d\u0131\u015f politikalar\u0131n\u0131n T\u00fcrkiye&#8217;yi iflas\u0131n e\u015fi\u011fine getirdi\u011fini belirterek, \u00fclkenin zor mali durum sebebiyle i\u00e7inden \u00e7\u0131k\u0131lmas\u0131 zor olacak, \u00f6n\u00fcm\u00fczdeki birka\u00e7 ay i\u00e7inde \u00e7ok ciddi krizlere maruz kalmas\u0131ndan uyard\u0131.<\/p>\n<p>\u00c7eviri: M.Y. ve S.\u015e.<\/p>\n","protected":false},"excerpt":{"rendered":"<p>ANKARA \u2013 Cumhuriyet Halk Partisi Milletvekili, eski T\u00fcrkiye Ba\u015fbakan Yard\u0131mc\u0131s\u0131 Abdullatif \u015eener, T\u00fcrk rejimi ba\u015fkan\u0131 Recep Tayyip Erdo\u011fan\u2019\u0131n T\u00fcrkiye\u2019de Korona vir\u00fcs\u00fcn yay\u0131lmas\u0131 sonucunda ortaya \u00e7\u0131kan zor sa\u011fl\u0131k ve mali durumdan sorumlu oldu\u011funu belirterek, , Erdo\u011fan otoritelerinin bu salg\u0131n\u0131n ihtiva edilmesi icraatlar\u0131n\u0131n al\u0131nmas\u0131nda gecikti\u011fine dikkat \u00e7ekti. T\u00fcrk TV5 kanal\u0131na verdi\u011fi deme\u00e7te \u015eener, Erdo\u011fan otoritelerinin korona salg\u0131n\u0131na &hellip;<\/p>\n","protected":false},"author":36,"featured_media":207109,"comment_status":"closed","ping_status":"closed","sticky":false,"template":"","format":"standard","meta":{"footnotes":""},"categories":[479,17988,2554,2555,478],"tags":[],"class_list":["post-207108","post","type-post","status-publish","format-standard","has-post-thumbnail","","category-haberler-yerel","category-son-haberler","category-suriye-ve-dunya","category-suriye-ve-turkiye","category-yerel"],"_links":{"self":[{"href":"https:\/\/archive.sana.sy\/tr\/index.php?rest_route=\/wp\/v2\/posts\/207108","targetHints":{"allow":["GET"]}}],"collection":[{"href":"https:\/\/archive.sana.sy\/tr\/index.php?rest_route=\/wp\/v2\/posts"}],"about":[{"href":"https:\/\/archive.sana.sy\/tr\/index.php?rest_route=\/wp\/v2\/types\/post"}],"author":[{"embeddable":true,"href":"https:\/\/archive.sana.sy\/tr\/index.php?rest_route=\/wp\/v2\/users\/36"}],"replies":[{"embeddable":true,"href":"https:\/\/archive.sana.sy\/tr\/index.php?rest_route=%2Fwp%2Fv2%2Fcomments&post=207108"}],"version-history":[{"count":0,"href":"https:\/\/archive.sana.sy\/tr\/index.php?rest_route=\/wp\/v2\/posts\/207108\/revisions"}],"wp:featuredmedia":[{"embeddable":true,"href":"https:\/\/archive.sana.sy\/tr\/index.php?rest_route=\/wp\/v2\/media\/207109"}],"wp:attachment":[{"href":"https:\/\/archive.sana.sy\/tr\/index.php?rest_route=%2Fwp%2Fv2%2Fmedia&parent=207108"}],"wp:term":[{"taxonomy":"category","embeddable":true,"href":"https:\/\/archive.sana.sy\/tr\/index.php?rest_route=%2Fwp%2Fv2%2Fcategories&post=207108"},{"taxonomy":"post_tag","embeddable":true,"href":"https:\/\/archive.sana.sy\/tr\/index.php?rest_route=%2Fwp%2Fv2%2Ftags&post=207108"}],"curies":[{"name":"wp","href":"https:\/\/api.w.org\/{rel}","templated":true}]}}