{"id":207179,"date":"2020-04-17T13:02:56","date_gmt":"2020-04-17T10:02:56","guid":{"rendered":"http:\/\/www.sana.sy\/tr\/?p=207179"},"modified":"2020-04-18T12:18:47","modified_gmt":"2020-04-18T09:18:47","slug":"kurtulus-bayrami-hatirasina-posta-pulu-cikarildi","status":"publish","type":"post","link":"https:\/\/archive.sana.sy\/tr\/?p=207179","title":{"rendered":"Kurtulu\u015f Bayram\u0131 Hat\u0131ras\u0131na Posta Pulu \u00c7\u0131kar\u0131ld\u0131"},"content":{"rendered":"<p>\u015eAM \u2013 Suriye Posta Kurumu bug\u00fcn Kurtulu\u015f Bayram\u0131n\u0131n 74. Y\u0131ld\u00f6n\u00fcm\u00fc hat\u0131ras\u0131na posta pulu yay\u0131nlad\u0131.<\/p>\n<p>Kurum yay\u0131nlad\u0131\u011f\u0131 beyanda, pul koleksiyoncular\u0131 vatanda\u015flar\u0131n b\u00fct\u00fcn illerdeki posta ofisinden s\u00f6z konusu pula sahip olabileceklerine i\u015faret etti.<\/p>\n<p>Bilinece\u011fi \u00fczere Suriyeliler her y\u0131l\u0131n 17 Nisan g\u00fcn\u00fcnde Suriye topraklar\u0131 \u00fczerinden son Frans\u0131z askerinin 1946 y\u0131l\u0131nda \u00e7\u0131kt\u0131\u011f\u0131 g\u00fcn\u00fc Suriyelilerin ortaya sunduklar\u0131 kahramanl\u0131klar\u0131yla Kurtulu\u015f Bayram\u0131n\u0131 kutluyorlar.<\/p>\n","protected":false},"excerpt":{"rendered":"<p>\u015eAM \u2013 Suriye Posta Kurumu bug\u00fcn Kurtulu\u015f Bayram\u0131n\u0131n 74. Y\u0131ld\u00f6n\u00fcm\u00fc hat\u0131ras\u0131na posta pulu yay\u0131nlad\u0131. Kurum yay\u0131nlad\u0131\u011f\u0131 beyanda, pul koleksiyoncular\u0131 vatanda\u015flar\u0131n b\u00fct\u00fcn illerdeki posta ofisinden s\u00f6z konusu pula sahip olabileceklerine i\u015faret etti. Bilinece\u011fi \u00fczere Suriyeliler her y\u0131l\u0131n 17 Nisan g\u00fcn\u00fcnde Suriye topraklar\u0131 \u00fczerinden son Frans\u0131z askerinin 1946 y\u0131l\u0131nda \u00e7\u0131kt\u0131\u011f\u0131 g\u00fcn\u00fc Suriyelilerin ortaya sunduklar\u0131 kahramanl\u0131klar\u0131yla Kurtulu\u015f Bayram\u0131n\u0131 &hellip;<\/p>\n","protected":false},"author":1,"featured_media":207180,"comment_status":"closed","ping_status":"closed","sticky":false,"template":"","format":"standard","meta":{"footnotes":""},"categories":[526,479,17988,525,478],"tags":[],"class_list":["post-207179","post","type-post","status-publish","format-standard","has-post-thumbnail","","category-haber-ve-raporlar","category-haberler-yerel","category-son-haberler","category-toplum","category-yerel"],"_links":{"self":[{"href":"https:\/\/archive.sana.sy\/tr\/index.php?rest_route=\/wp\/v2\/posts\/207179","targetHints":{"allow":["GET"]}}],"collection":[{"href":"https:\/\/archive.sana.sy\/tr\/index.php?rest_route=\/wp\/v2\/posts"}],"about":[{"href":"https:\/\/archive.sana.sy\/tr\/index.php?rest_route=\/wp\/v2\/types\/post"}],"author":[{"embeddable":true,"href":"https:\/\/archive.sana.sy\/tr\/index.php?rest_route=\/wp\/v2\/users\/1"}],"replies":[{"embeddable":true,"href":"https:\/\/archive.sana.sy\/tr\/index.php?rest_route=%2Fwp%2Fv2%2Fcomments&post=207179"}],"version-history":[{"count":0,"href":"https:\/\/archive.sana.sy\/tr\/index.php?rest_route=\/wp\/v2\/posts\/207179\/revisions"}],"wp:featuredmedia":[{"embeddable":true,"href":"https:\/\/archive.sana.sy\/tr\/index.php?rest_route=\/wp\/v2\/media\/207180"}],"wp:attachment":[{"href":"https:\/\/archive.sana.sy\/tr\/index.php?rest_route=%2Fwp%2Fv2%2Fmedia&parent=207179"}],"wp:term":[{"taxonomy":"category","embeddable":true,"href":"https:\/\/archive.sana.sy\/tr\/index.php?rest_route=%2Fwp%2Fv2%2Fcategories&post=207179"},{"taxonomy":"post_tag","embeddable":true,"href":"https:\/\/archive.sana.sy\/tr\/index.php?rest_route=%2Fwp%2Fv2%2Ftags&post=207179"}],"curies":[{"name":"wp","href":"https:\/\/api.w.org\/{rel}","templated":true}]}}