{"id":207199,"date":"2020-04-17T13:32:07","date_gmt":"2020-04-17T10:32:07","guid":{"rendered":"http:\/\/www.sana.sy\/tr\/?p=207199"},"modified":"2020-04-18T12:18:52","modified_gmt":"2020-04-18T09:18:52","slug":"kurtulusun-kahramanlari-suriyedeki-mucadele-ve-direnis-tarihi-uzerine-onurlu-baslik","status":"publish","type":"post","link":"https:\/\/archive.sana.sy\/tr\/?p=207199","title":{"rendered":"Kurtulu\u015fun Kahramanlar\u0131.. Suriye&#8217;deki M\u00fccadele Ve Direni\u015f Tarihi \u00dczerine Onurlu Ba\u015fl\u0131k"},"content":{"rendered":"<p>HALEP &#8211; Frans\u0131z s\u00f6m\u00fcrge i\u015fgalinin Suriye topraklar\u0131 \u00fczerinden def edilmesi hat\u0131ras\u0131, ba\u015fl\u0131\u011f\u0131 onur ve s\u00f6m\u00fcrgecilik ve hegemonya kuvvetlerine kar\u015f\u0131 fedakarl\u0131klar ve kahramanl\u0131klarla dolu olan Suriye halk\u0131 m\u00fccadelesinin miras\u0131na y\u00f6nelik gurur ba\u015fl\u0131\u011f\u0131 olan derin ve k\u00f6kl\u00fc anlamlar ta\u015f\u0131maktad\u0131r.<\/p>\n<p>Suriyeliler bug\u00fcn, Yusuf el Azmeh, \u0130brahim Hanano, Salih El Ali, Sultan Pa\u015fa El Atra\u015f ve bask\u0131c\u0131 ve zalim s\u00f6m\u00fcrgeciye kar\u015f\u0131 m\u00fccadele \u00e7a\u011f\u0131nda onurlu \u00fcnvanlar kazanan di\u011fer Suriyeliler gibi s\u00f6m\u00fcrgecili\u011fe kar\u015f\u0131 m\u00fccadelenin kahramanlar\u0131n\u0131n isimlerini ve resimlerini hat\u0131rl\u0131yorlar.<\/p>\n<p>Halep Eski Muharipler \u015eubesi Genel Sekreteri T\u00fcmgeneral Muhammed Z\u00fcheyr Sayrafi, Kurtulu\u015f y\u0131l\u00f6n\u00fcm\u00fcn\u00fcn, Suriye tarihinde topraklar\u0131 \u00fczerindeki kaba ve zalim kolonicinin temizlenmesi olan \u00f6nemli bir merhaleyi te\u015fkil etmesinden dolay\u0131 Suriye halk\u0131 i\u00e7in \u00e7ok de\u011ferli oldu\u011funu dile getirdi.<\/p>\n<p>Sayrafi: &#8220;Suriyeli evlatlar\u0131n istikrarl\u0131 ve g\u00fc\u00e7l\u00fc bir irade ile Frans\u0131z s\u00f6m\u00fcrgecilerini yenebildiklerini, zafer ve ba\u011f\u0131ms\u0131zl\u0131k elde edebildiklerini; vatan\u0131 savunan cesur kahramanlar\u0131n fedakarl\u0131klar sayesinde \u00f6zg\u00fcrl\u00fc\u011f\u00fcn tad\u0131n\u0131 \u00e7\u0131karabiliyoruz&#8221; dedi.<\/p>\n<p>Albay Muhammed el H\u0131d\u0131r ise; &#8220;Kurtulu\u015f g\u00fcn\u00fcn\u00fcn ge\u00e7mi\u015fin gururu \u015fimdiki zaman\u0131n onuru oldu\u011funu, her Suriyeli&#8217;nin onur ve gurur duygular\u0131 ya\u015fad\u0131\u011f\u0131n\u0131 \u00e7\u00fcnk\u00fc Frans\u0131z s\u00f6m\u00fcrgecisine kar\u015f\u0131 kahraman m\u00fccahitlerimizin yazd\u0131\u011f\u0131 en b\u00fcy\u00fck fedakarl\u0131k ve kurtulu\u015f sayfalar\u0131n\u0131 yazd\u0131klar\u0131 destanlar\u0131 hat\u0131rlatt\u0131\u011f\u0131n\u0131&#8221; dile getirdi.<\/p>\n<p>El H\u0131d\u0131r: &#8220;Bug\u00fcn, Sultan Pa\u015fa El Atra\u015f, \u0130brahim Hanano, Salih El Ali ve di\u011ferleri gibi ba\u011f\u0131ms\u0131zl\u0131k kahramanlar\u0131 sembol isimleri hat\u0131rl\u0131yoruz, onlara ayn\u0131 Frans\u0131z s\u00f6m\u00fcrgecili\u011fini def etti\u011finiz gibi bug\u00fcnde torunlar\u0131n\u0131z yeni i\u015fgalcileri kovuyor, vatan topraklar\u0131n\u0131 ter\u00f6r riicsinden temizliyorlar. Onuru, \u015ferefi, haysiyeti ve istiklali i\u00e7in vatan topraklar\u0131n\u0131 pak kanlar\u0131yla sulayan\u00a0 fedakar \u015fehitlerimizin hat\u0131rlar\u0131 zihinlerimizden hi\u00e7bir zaman kaybolmayacakt\u0131r&#8221; dedi.<\/p>\n","protected":false},"excerpt":{"rendered":"<p>HALEP &#8211; Frans\u0131z s\u00f6m\u00fcrge i\u015fgalinin Suriye topraklar\u0131 \u00fczerinden def edilmesi hat\u0131ras\u0131, ba\u015fl\u0131\u011f\u0131 onur ve s\u00f6m\u00fcrgecilik ve hegemonya kuvvetlerine kar\u015f\u0131 fedakarl\u0131klar ve kahramanl\u0131klarla dolu olan Suriye halk\u0131 m\u00fccadelesinin miras\u0131na y\u00f6nelik gurur ba\u015fl\u0131\u011f\u0131 olan derin ve k\u00f6kl\u00fc anlamlar ta\u015f\u0131maktad\u0131r. Suriyeliler bug\u00fcn, Yusuf el Azmeh, \u0130brahim Hanano, Salih El Ali, Sultan Pa\u015fa El Atra\u015f ve bask\u0131c\u0131 ve zalim &hellip;<\/p>\n","protected":false},"author":1,"featured_media":207200,"comment_status":"closed","ping_status":"closed","sticky":false,"template":"","format":"standard","meta":{"footnotes":""},"categories":[479,17988,478],"tags":[],"class_list":["post-207199","post","type-post","status-publish","format-standard","has-post-thumbnail","","category-haberler-yerel","category-son-haberler","category-yerel"],"_links":{"self":[{"href":"https:\/\/archive.sana.sy\/tr\/index.php?rest_route=\/wp\/v2\/posts\/207199","targetHints":{"allow":["GET"]}}],"collection":[{"href":"https:\/\/archive.sana.sy\/tr\/index.php?rest_route=\/wp\/v2\/posts"}],"about":[{"href":"https:\/\/archive.sana.sy\/tr\/index.php?rest_route=\/wp\/v2\/types\/post"}],"author":[{"embeddable":true,"href":"https:\/\/archive.sana.sy\/tr\/index.php?rest_route=\/wp\/v2\/users\/1"}],"replies":[{"embeddable":true,"href":"https:\/\/archive.sana.sy\/tr\/index.php?rest_route=%2Fwp%2Fv2%2Fcomments&post=207199"}],"version-history":[{"count":0,"href":"https:\/\/archive.sana.sy\/tr\/index.php?rest_route=\/wp\/v2\/posts\/207199\/revisions"}],"wp:featuredmedia":[{"embeddable":true,"href":"https:\/\/archive.sana.sy\/tr\/index.php?rest_route=\/wp\/v2\/media\/207200"}],"wp:attachment":[{"href":"https:\/\/archive.sana.sy\/tr\/index.php?rest_route=%2Fwp%2Fv2%2Fmedia&parent=207199"}],"wp:term":[{"taxonomy":"category","embeddable":true,"href":"https:\/\/archive.sana.sy\/tr\/index.php?rest_route=%2Fwp%2Fv2%2Fcategories&post=207199"},{"taxonomy":"post_tag","embeddable":true,"href":"https:\/\/archive.sana.sy\/tr\/index.php?rest_route=%2Fwp%2Fv2%2Ftags&post=207199"}],"curies":[{"name":"wp","href":"https:\/\/api.w.org\/{rel}","templated":true}]}}