{"id":207203,"date":"2020-04-17T14:02:24","date_gmt":"2020-04-17T11:02:24","guid":{"rendered":"http:\/\/www.sana.sy\/tr\/?p=207203"},"modified":"2020-04-19T12:44:29","modified_gmt":"2020-04-19T09:44:29","slug":"sokaga-cikma-yasaginin-uygulanmasinda-siki-onlemler-vatandaslar-sali-ve-carsamba-gunleri-sehirler-arasi-seyahat-edebilecek","status":"publish","type":"post","link":"https:\/\/archive.sana.sy\/tr\/?p=207203","title":{"rendered":"Soka\u011fa \u00c7\u0131kma Yasa\u011f\u0131n\u0131n Uygulanmas\u0131nda S\u0131k\u0131 \u00d6nlemler, Vatanda\u015flar Sal\u0131 Ve \u00c7ar\u015famba G\u00fcnleri \u015eehirler Aras\u0131 Seyahat Edebilecek"},"content":{"rendered":"<p>\u015eAM \u2013 Korona vir\u00fcs\u00fcne kar\u015f\u0131 koyma icraatlar\u0131\u0131yla ilgili h\u00fckumet ekibi, kamu g\u00fcvenli\u011fini koruma ve vir\u00fcs\u00fcn yay\u0131lmas\u0131 ihtimallerini d\u00fc\u015f\u00fcrme hedefiyle, hizmetlerin sunulmas\u0131, \u00fcretin ve ekonomik aktivite s\u00fcrecinin s\u00fcrd\u00fcr\u00fclmesiyle birlikte t\u00fcm illerde uygulanan soka\u011fa \u00e7\u0131kma yasa\u011f\u0131 ve ticari mahallerin kapat\u0131lmas\u0131n\u0131n uygulanmas\u0131na y\u00f6nelik s\u0131k\u0131 icraat karar\u0131 ald\u0131.<\/p>\n<p>H\u00fckumet ekibi d\u00fcn ba\u015fbakan \u0130mad Hamis ba\u015fkanl\u0131\u011f\u0131nda d\u00fczenledi\u011fi toplant\u0131da, giren ve \u00e7\u0131kanlar\u0131n test edilmesi i\u00e7in b\u00fct\u00fcn illerin giri\u015f ve \u00e7\u0131k\u0131\u015flar\u0131nda sa\u011fl\u0131k ekiplerinin koyulmas\u0131 ard\u0131ndan Sal\u0131 ve \u00c7ar\u015famba g\u00fcnlerinin vatanda\u015flar\u0131n \u015fehirleraras\u0131 intikallerine izin veren karar \u00e7\u0131kard\u0131.<\/p>\n<p>Bulgur, mercimek,nohut, bakla, pirin\u00e7, \u015feker, s\u0131v\u0131 ya\u011f ve tereya\u011f\u0131 ba\u015fta olmak \u00fczere tar\u0131m ve bakliyat \u00fcr\u00fcnlerinden temel maddelerin depolanmas\u0131 eyleminin peki\u015ftirilmesi kapsam\u0131nda Tar\u0131m ve \u0130\u00e7 Ticaret ile Ekonomi Bakanl\u0131\u011f\u0131ndan bu maddelerin peki\u015ftirilmesi i\u00e7in gerekli tedbirlerin al\u0131nmas\u0131 talebinde bulunuldu.<\/p>\n<p>Yasak saatlerinde veya k\u0131rsaldan \u015fehre ve tersine intikal edi\u015flerde soka\u011fa \u00e7\u0131kma icraatlar\u0131n\u0131n en g\u00fczel \u015fekilde uygulanmas\u0131n\u0131 sa\u011flamak \u00fczere, soka\u011fa \u00e7\u0131kma izinlerinin verilmesi mekanizmas\u0131 ve icraatlar\u0131n\u0131n s\u0131k\u0131la\u015ft\u0131r\u0131lmas\u0131 zorunlulu\u011fu belirtildi.<\/p>\n","protected":false},"excerpt":{"rendered":"<p>\u015eAM \u2013 Korona vir\u00fcs\u00fcne kar\u015f\u0131 koyma icraatlar\u0131\u0131yla ilgili h\u00fckumet ekibi, kamu g\u00fcvenli\u011fini koruma ve vir\u00fcs\u00fcn yay\u0131lmas\u0131 ihtimallerini d\u00fc\u015f\u00fcrme hedefiyle, hizmetlerin sunulmas\u0131, \u00fcretin ve ekonomik aktivite s\u00fcrecinin s\u00fcrd\u00fcr\u00fclmesiyle birlikte t\u00fcm illerde uygulanan soka\u011fa \u00e7\u0131kma yasa\u011f\u0131 ve ticari mahallerin kapat\u0131lmas\u0131n\u0131n uygulanmas\u0131na y\u00f6nelik s\u0131k\u0131 icraat karar\u0131 ald\u0131. H\u00fckumet ekibi d\u00fcn ba\u015fbakan \u0130mad Hamis ba\u015fkanl\u0131\u011f\u0131nda d\u00fczenledi\u011fi toplant\u0131da, giren ve &hellip;<\/p>\n","protected":false},"author":1,"featured_media":207204,"comment_status":"closed","ping_status":"closed","sticky":false,"template":"","format":"standard","meta":{"footnotes":""},"categories":[526,541,479,17988,525,538,478],"tags":[],"class_list":["post-207203","post","type-post","status-publish","format-standard","has-post-thumbnail","","category-haber-ve-raporlar","category-haberler","category-haberler-yerel","category-son-haberler","category-toplum","category-yasam","category-yerel"],"_links":{"self":[{"href":"https:\/\/archive.sana.sy\/tr\/index.php?rest_route=\/wp\/v2\/posts\/207203","targetHints":{"allow":["GET"]}}],"collection":[{"href":"https:\/\/archive.sana.sy\/tr\/index.php?rest_route=\/wp\/v2\/posts"}],"about":[{"href":"https:\/\/archive.sana.sy\/tr\/index.php?rest_route=\/wp\/v2\/types\/post"}],"author":[{"embeddable":true,"href":"https:\/\/archive.sana.sy\/tr\/index.php?rest_route=\/wp\/v2\/users\/1"}],"replies":[{"embeddable":true,"href":"https:\/\/archive.sana.sy\/tr\/index.php?rest_route=%2Fwp%2Fv2%2Fcomments&post=207203"}],"version-history":[{"count":0,"href":"https:\/\/archive.sana.sy\/tr\/index.php?rest_route=\/wp\/v2\/posts\/207203\/revisions"}],"wp:featuredmedia":[{"embeddable":true,"href":"https:\/\/archive.sana.sy\/tr\/index.php?rest_route=\/wp\/v2\/media\/207204"}],"wp:attachment":[{"href":"https:\/\/archive.sana.sy\/tr\/index.php?rest_route=%2Fwp%2Fv2%2Fmedia&parent=207203"}],"wp:term":[{"taxonomy":"category","embeddable":true,"href":"https:\/\/archive.sana.sy\/tr\/index.php?rest_route=%2Fwp%2Fv2%2Fcategories&post=207203"},{"taxonomy":"post_tag","embeddable":true,"href":"https:\/\/archive.sana.sy\/tr\/index.php?rest_route=%2Fwp%2Fv2%2Ftags&post=207203"}],"curies":[{"name":"wp","href":"https:\/\/api.w.org\/{rel}","templated":true}]}}