{"id":207206,"date":"2020-04-17T21:04:33","date_gmt":"2020-04-17T18:04:33","guid":{"rendered":"http:\/\/www.sana.sy\/tr\/?p=207206"},"modified":"2020-04-18T12:19:18","modified_gmt":"2020-04-18T09:19:18","slug":"isgalci-turkler-ve-kiraliklari-top-mermileriyle-haseke-kirsali-koylerine-saldirdi","status":"publish","type":"post","link":"https:\/\/archive.sana.sy\/tr\/?p=207206","title":{"rendered":"\u0130\u015fgalci T\u00fcrkler ve Kiral\u0131klar\u0131 Top Mermileriyle Haseke K\u0131rsal\u0131 K\u00f6ylerine Sald\u0131rd\u0131"},"content":{"rendered":"<p style=\"text-align: justify;\">HASEKE \u2013 \u0130\u015fgacli T\u00fcrk kuvvetleriyle ter\u00f6ristlerden kiral\u0131klar\u0131 Haseke kuzeybat\u0131 k\u0131rsal\u0131 Abu Raseyn Beldesinin kuzeyine d\u00fce\u015fn k\u00f6y ve beldelerdeki ahalinin ev ve m\u00fclklerine y\u00f6nelik top mermileriyle sald\u0131r\u0131lar\u0131n\u0131 yineledi.<\/p>\n<p style=\"text-align: justify;\">SANA muhabiri, i\u015fgalci T\u00fcrk kuvvetleriyle kiral\u0131klar\u0131n\u0131n bug\u00fcn \u00f6\u011fleden sonra top\u00e7u birlikleri kanal\u0131yla T\u00fcrkiye&#8217;nin muhtelif mevkileri ile Tel Mendel, Uneyk el Hava ve Davudiye&#8217;deki kontrol noktalar\u0131ndan hareketle, Abu Raseyn beldesinin kuzeyinde yer alan Nuveyyhat ve Bab el Faraj K\u00f6ylerini vurmalar\u0131 sonucunda yerle\u015fim evleri ve m\u00fcklerde maddi zararlara yol a\u00e7t\u0131klar\u0131n\u0131 s\u00f6yledi.<\/p>\n","protected":false},"excerpt":{"rendered":"<p>HASEKE \u2013 \u0130\u015fgacli T\u00fcrk kuvvetleriyle ter\u00f6ristlerden kiral\u0131klar\u0131 Haseke kuzeybat\u0131 k\u0131rsal\u0131 Abu Raseyn Beldesinin kuzeyine d\u00fce\u015fn k\u00f6y ve beldelerdeki ahalinin ev ve m\u00fclklerine y\u00f6nelik top mermileriyle sald\u0131r\u0131lar\u0131n\u0131 yineledi. SANA muhabiri, i\u015fgalci T\u00fcrk kuvvetleriyle kiral\u0131klar\u0131n\u0131n bug\u00fcn \u00f6\u011fleden sonra top\u00e7u birlikleri kanal\u0131yla T\u00fcrkiye&#8217;nin muhtelif mevkileri ile Tel Mendel, Uneyk el Hava ve Davudiye&#8217;deki kontrol noktalar\u0131ndan hareketle, Abu Raseyn &hellip;<\/p>\n","protected":false},"author":1,"featured_media":207207,"comment_status":"closed","ping_status":"closed","sticky":false,"template":"","format":"standard","meta":{"footnotes":""},"categories":[479,575,17988,2554,2555,478],"tags":[],"class_list":["post-207206","post","type-post","status-publish","format-standard","has-post-thumbnail","","category-haberler-yerel","category-olaylar-ve-gercekler","category-son-haberler","category-suriye-ve-dunya","category-suriye-ve-turkiye","category-yerel"],"_links":{"self":[{"href":"https:\/\/archive.sana.sy\/tr\/index.php?rest_route=\/wp\/v2\/posts\/207206","targetHints":{"allow":["GET"]}}],"collection":[{"href":"https:\/\/archive.sana.sy\/tr\/index.php?rest_route=\/wp\/v2\/posts"}],"about":[{"href":"https:\/\/archive.sana.sy\/tr\/index.php?rest_route=\/wp\/v2\/types\/post"}],"author":[{"embeddable":true,"href":"https:\/\/archive.sana.sy\/tr\/index.php?rest_route=\/wp\/v2\/users\/1"}],"replies":[{"embeddable":true,"href":"https:\/\/archive.sana.sy\/tr\/index.php?rest_route=%2Fwp%2Fv2%2Fcomments&post=207206"}],"version-history":[{"count":0,"href":"https:\/\/archive.sana.sy\/tr\/index.php?rest_route=\/wp\/v2\/posts\/207206\/revisions"}],"wp:featuredmedia":[{"embeddable":true,"href":"https:\/\/archive.sana.sy\/tr\/index.php?rest_route=\/wp\/v2\/media\/207207"}],"wp:attachment":[{"href":"https:\/\/archive.sana.sy\/tr\/index.php?rest_route=%2Fwp%2Fv2%2Fmedia&parent=207206"}],"wp:term":[{"taxonomy":"category","embeddable":true,"href":"https:\/\/archive.sana.sy\/tr\/index.php?rest_route=%2Fwp%2Fv2%2Fcategories&post=207206"},{"taxonomy":"post_tag","embeddable":true,"href":"https:\/\/archive.sana.sy\/tr\/index.php?rest_route=%2Fwp%2Fv2%2Ftags&post=207206"}],"curies":[{"name":"wp","href":"https:\/\/api.w.org\/{rel}","templated":true}]}}