{"id":207316,"date":"2020-04-19T00:57:06","date_gmt":"2020-04-18T21:57:06","guid":{"rendered":"http:\/\/www.sana.sy\/tr\/?p=207316"},"modified":"2020-04-20T08:26:29","modified_gmt":"2020-04-20T05:26:29","slug":"iranli-sahsiyetler-suriyeye-dayatilan-zorunlu-yaptirimlari-kinayarak-kaldirma-cagrisinda-bulundu","status":"publish","type":"post","link":"https:\/\/archive.sana.sy\/tr\/?p=207316","title":{"rendered":"\u0130ranl\u0131 \u015eahsiyetler, Suriye\u2019ye Dayat\u0131lan Zorunlu Yapt\u0131r\u0131mlar\u0131 K\u0131nayarak Kald\u0131rma \u00c7a\u011fr\u0131s\u0131nda Bulundu"},"content":{"rendered":"<p>TAHRAN \u2013 \u0130ran G\u00fczel Bar\u0131\u015f Uluslararas\u0131 Enist\u00fct\u00fcs\u00fc Ba\u015fkan Yard\u0131mc\u0131s\u0131 Saman Niyazi, Suriye\u2019ye ABD ve Bat\u0131 Devletlerince dayat\u0131lan tek tarafl\u0131 zorunlu yapt\u0131r\u0131mlar\u0131 k\u0131nad\u0131.<\/p>\n<p>SANA\u2019n\u0131n Tahran Muhabirine verdi\u011fi a\u00e7\u0131klamda Niyazi, Bat\u0131 ile ABD\u2019nin Suriye\u2019ye ter\u00f6r ve koronavir\u00fcs yay\u0131lmas\u0131ndan \u00e7ektiklerine ilaveten dayatt\u0131klar\u0131 yapt\u0131r\u0131mlar\u0131n insanl\u0131k hakk\u0131nda bir su\u00e7 oldu\u011funu vurgulad\u0131. Niyazi, s\u00f6zkonusu yapt\u0131r\u0131mlar\u0131n devmam etmesinin Suriye h\u00fck\u00fcmetinin COV\u0130D 19 ile m\u00fccadele \u00e7abalar\u0131n\u0131n paltalayaca\u011f\u0131n\u0131 ifade etti.<\/p>\n<p>Niyazi, ABD y\u00f6netiminin I\u015e\u0130D\u2019i tehlikeli vir\u00fcs olarak bulundurdu\u011fu, I\u015e\u0130D\u2019in Korona\u2019dan daha az tehlikeli olmad\u0131\u011f\u0131, bu \u00f6rg\u00fct de ne renk ne din ne \u0131rk ne s\u0131n\u0131r tan\u0131mad\u0131\u011f\u0131na dikkat \u00e7ekti.<\/p>\n<p>Niyazi, s\u00f6zkonusu ter\u00f6r \u00f6rg\u00fct\u00fcn\u00fcn Suriyelilere hakk\u0131nda i\u015fledi\u011fi \u00f6ld\u00fcrme, yurdundan etme ve altyap\u0131s\u0131n\u0131 ne var ki hastaneleri ve sa\u011fl\u0131k merkezlerini y\u0131kma su\u00e7lara i\u015faret etti.<\/p>\n<p>Kendi y\u00f6n\u00fcnden Ortado\u011fu uzman\u0131 gazeteci Davut Bur S\u0131hhat, Suriye Halk\u0131na dayat\u0131lan zorba ekonomik yapt\u0131r\u0131mlar\u0131 k\u0131narken, uluslararas\u0131 kanuna ayk\u0131r\u0131, insan haklar\u0131na k\u00fcstah bir ihlal ve kald\u0131r\u0131lmas\u0131 gereken ahlakl\u0131 olmayan bir eylem oldu\u011funu vurgulad\u0131.<\/p>\n<p>\u0130ran \u00dcniversitelerinde Kanun Hocas\u0131 Avukat Hasan Esadi ise, \u00a0ABD ve Bat\u0131 devletlerinin Koronavir\u00fcs\u00fcn d\u00fcnyaca yay\u0131lmas\u0131 s\u0131ras\u0131nda Suriye\u2019ye zalim yapt\u0131r\u0131mlar\u0131n devam etmesine kar\u015f\u0131 koymak i\u00e7in ortak \u00e7abalar gerektirdi\u011fini belirtti.<\/p>\n<p>Kumeyt Yusuf<\/p>\n<p>&nbsp;<\/p>\n","protected":false},"excerpt":{"rendered":"<p>TAHRAN \u2013 \u0130ran G\u00fczel Bar\u0131\u015f Uluslararas\u0131 Enist\u00fct\u00fcs\u00fc Ba\u015fkan Yard\u0131mc\u0131s\u0131 Saman Niyazi, Suriye\u2019ye ABD ve Bat\u0131 Devletlerince dayat\u0131lan tek tarafl\u0131 zorunlu yapt\u0131r\u0131mlar\u0131 k\u0131nad\u0131. SANA\u2019n\u0131n Tahran Muhabirine verdi\u011fi a\u00e7\u0131klamda Niyazi, Bat\u0131 ile ABD\u2019nin Suriye\u2019ye ter\u00f6r ve koronavir\u00fcs yay\u0131lmas\u0131ndan \u00e7ektiklerine ilaveten dayatt\u0131klar\u0131 yapt\u0131r\u0131mlar\u0131n insanl\u0131k hakk\u0131nda bir su\u00e7 oldu\u011funu vurgulad\u0131. Niyazi, s\u00f6zkonusu yapt\u0131r\u0131mlar\u0131n devmam etmesinin Suriye h\u00fck\u00fcmetinin COV\u0130D 19 &hellip;<\/p>\n","protected":false},"author":1,"featured_media":207317,"comment_status":"closed","ping_status":"closed","sticky":false,"template":"","format":"standard","meta":{"footnotes":""},"categories":[458,459,17988],"tags":[],"class_list":["post-207316","post","type-post","status-publish","format-standard","has-post-thumbnail","","category-dunya1","category-haberler-arap-uluslararasi-politika","category-son-haberler"],"_links":{"self":[{"href":"https:\/\/archive.sana.sy\/tr\/index.php?rest_route=\/wp\/v2\/posts\/207316","targetHints":{"allow":["GET"]}}],"collection":[{"href":"https:\/\/archive.sana.sy\/tr\/index.php?rest_route=\/wp\/v2\/posts"}],"about":[{"href":"https:\/\/archive.sana.sy\/tr\/index.php?rest_route=\/wp\/v2\/types\/post"}],"author":[{"embeddable":true,"href":"https:\/\/archive.sana.sy\/tr\/index.php?rest_route=\/wp\/v2\/users\/1"}],"replies":[{"embeddable":true,"href":"https:\/\/archive.sana.sy\/tr\/index.php?rest_route=%2Fwp%2Fv2%2Fcomments&post=207316"}],"version-history":[{"count":0,"href":"https:\/\/archive.sana.sy\/tr\/index.php?rest_route=\/wp\/v2\/posts\/207316\/revisions"}],"wp:featuredmedia":[{"embeddable":true,"href":"https:\/\/archive.sana.sy\/tr\/index.php?rest_route=\/wp\/v2\/media\/207317"}],"wp:attachment":[{"href":"https:\/\/archive.sana.sy\/tr\/index.php?rest_route=%2Fwp%2Fv2%2Fmedia&parent=207316"}],"wp:term":[{"taxonomy":"category","embeddable":true,"href":"https:\/\/archive.sana.sy\/tr\/index.php?rest_route=%2Fwp%2Fv2%2Fcategories&post=207316"},{"taxonomy":"post_tag","embeddable":true,"href":"https:\/\/archive.sana.sy\/tr\/index.php?rest_route=%2Fwp%2Fv2%2Ftags&post=207316"}],"curies":[{"name":"wp","href":"https:\/\/api.w.org\/{rel}","templated":true}]}}