{"id":207412,"date":"2020-04-19T21:55:03","date_gmt":"2020-04-19T18:55:03","guid":{"rendered":"http:\/\/www.sana.sy\/tr\/?p=207412"},"modified":"2020-04-22T08:32:06","modified_gmt":"2020-04-22T05:32:06","slug":"cumhurbaskani-esadin-teklifiyle-bakan-azzam-dogu-takvimine-gore-paskalya-baymaini-kutlayan-hiristiyan-mezhep-baskanlarini-kutladi","status":"publish","type":"post","link":"https:\/\/archive.sana.sy\/tr\/?p=207412","title":{"rendered":"Cumhurba\u015fkan\u0131 Esad&#8217;\u0131n Teklifiyle.. Bakan Azzam Do\u011fu Takvimine G\u00f6re Paskalya Bayma\u0131n\u0131 Kutlayan H\u0131ristiyan Mezhep Ba\u015fkanlar\u0131n\u0131 Kutlad\u0131"},"content":{"rendered":"<p>\u015eAM \u2013 Vumhurba\u015fkan\u0131 Be\u015f\u015far Esad&#8217;\u0131n teklifiyle, Cumhurba\u015fkanl\u0131\u011f\u0131 i\u015flerinden sorumlu devlet bakan\u0131 Mansur Azzam bug\u00fcn do\u011fu takviminiz izleyen h\u0131ristiyan mezhep ba\u015fkanlar\u0131na cumhurba\u015fkan\u0131 Esad&#8217;\u0131n paskalya bayram\u0131 m\u00fcnasebetiyle bayramlar\u0131n\u0131 kutlayarak kendilerine ve t\u00fcm Suriyelilere daimi sa\u011fl\u0131k ve selamet dileklerini sundu.<\/p>\n<p>Bakan Azzam kutlamalar\u0131n\u0131 Antakya ve T\u00fcm Do\u011fu Rum Ortodoks Patri\u011fi Onuncu Yuhanna, D\u00fcnya ve Antakya ve T\u00fcm Do\u011fu S\u00fcryani Ortodoks Patri\u011fi Patrik Mar \u0130gnatius 2. Efram ve mezhepleri evlatlar\u0131na Paskalya bayramlar\u0131n\u0131 kutlad\u0131.<\/p>\n<p>Kendi y\u00f6n\u00fcnden her iki mezhep ba\u015fkan\u0131 say\u0131n Cumhurba\u015fkan\u0131 Be\u015f\u015far Esad&#8217;\u0131n bayramlar\u0131n\u0131 kutlamlar\u0131ndan dolay\u0131 duyduklar\u0131 memnuniyeti dile getirerek, y\u00fcce Allah&#8217;tan Suriye&#8217;yi korumas\u0131n\u0131 ve ter\u00f6rist sava\u015f\u0131n ac\u0131lar\u0131nda kurtarmas\u0131n\u0131, tehlikeli korona salg\u0131n\u0131n\u0131n yay\u0131lmas\u0131 sonucunda \u00f6zelikle b\u00f6lge ve d\u00fcnyan\u0131n ge\u00e7ti\u011fi bu zor \u015fartlar g\u00f6lgesinde her \u015ferden uzak tutmas\u0131 temennilerinde bulundular.<\/p>\n","protected":false},"excerpt":{"rendered":"<p>\u015eAM \u2013 Vumhurba\u015fkan\u0131 Be\u015f\u015far Esad&#8217;\u0131n teklifiyle, Cumhurba\u015fkanl\u0131\u011f\u0131 i\u015flerinden sorumlu devlet bakan\u0131 Mansur Azzam bug\u00fcn do\u011fu takviminiz izleyen h\u0131ristiyan mezhep ba\u015fkanlar\u0131na cumhurba\u015fkan\u0131 Esad&#8217;\u0131n paskalya bayram\u0131 m\u00fcnasebetiyle bayramlar\u0131n\u0131 kutlayarak kendilerine ve t\u00fcm Suriyelilere daimi sa\u011fl\u0131k ve selamet dileklerini sundu. Bakan Azzam kutlamalar\u0131n\u0131 Antakya ve T\u00fcm Do\u011fu Rum Ortodoks Patri\u011fi Onuncu Yuhanna, D\u00fcnya ve Antakya ve T\u00fcm Do\u011fu &hellip;<\/p>\n","protected":false},"author":1,"featured_media":207413,"comment_status":"closed","ping_status":"closed","sticky":false,"template":"","format":"standard","meta":{"footnotes":""},"categories":[479,17988,478],"tags":[],"class_list":["post-207412","post","type-post","status-publish","format-standard","has-post-thumbnail","","category-haberler-yerel","category-son-haberler","category-yerel"],"_links":{"self":[{"href":"https:\/\/archive.sana.sy\/tr\/index.php?rest_route=\/wp\/v2\/posts\/207412","targetHints":{"allow":["GET"]}}],"collection":[{"href":"https:\/\/archive.sana.sy\/tr\/index.php?rest_route=\/wp\/v2\/posts"}],"about":[{"href":"https:\/\/archive.sana.sy\/tr\/index.php?rest_route=\/wp\/v2\/types\/post"}],"author":[{"embeddable":true,"href":"https:\/\/archive.sana.sy\/tr\/index.php?rest_route=\/wp\/v2\/users\/1"}],"replies":[{"embeddable":true,"href":"https:\/\/archive.sana.sy\/tr\/index.php?rest_route=%2Fwp%2Fv2%2Fcomments&post=207412"}],"version-history":[{"count":0,"href":"https:\/\/archive.sana.sy\/tr\/index.php?rest_route=\/wp\/v2\/posts\/207412\/revisions"}],"wp:featuredmedia":[{"embeddable":true,"href":"https:\/\/archive.sana.sy\/tr\/index.php?rest_route=\/wp\/v2\/media\/207413"}],"wp:attachment":[{"href":"https:\/\/archive.sana.sy\/tr\/index.php?rest_route=%2Fwp%2Fv2%2Fmedia&parent=207412"}],"wp:term":[{"taxonomy":"category","embeddable":true,"href":"https:\/\/archive.sana.sy\/tr\/index.php?rest_route=%2Fwp%2Fv2%2Fcategories&post=207412"},{"taxonomy":"post_tag","embeddable":true,"href":"https:\/\/archive.sana.sy\/tr\/index.php?rest_route=%2Fwp%2Fv2%2Ftags&post=207412"}],"curies":[{"name":"wp","href":"https:\/\/api.w.org\/{rel}","templated":true}]}}