{"id":207415,"date":"2020-04-19T22:14:44","date_gmt":"2020-04-19T19:14:44","guid":{"rendered":"http:\/\/www.sana.sy\/tr\/?p=207415"},"modified":"2020-04-22T08:32:09","modified_gmt":"2020-04-22T05:32:09","slug":"suriyede-yeni-1-koronavirus-vakasi-ve-1-vefat-vakasi-kaydedildi","status":"publish","type":"post","link":"https:\/\/archive.sana.sy\/tr\/?p=207415","title":{"rendered":"Suriye&#8217;de Yeni 1 Koronavir\u00fcs Vakas\u0131 ve 1 Vefat Vakas\u0131 Kaydedildi"},"content":{"rendered":"<p>\u015eAM &#8211; Sa\u011fl\u0131k Bakanl\u0131\u011f\u0131 bug\u00fcn yeni 1 Korona Vir\u00fcs vakas\u0131n\u0131n daha kaydedildi\u011fini b\u00f6ylece Suriye&#8217;de tescil edilen vaka say\u0131s\u0131n\u0131n 39&#8217;a y\u00fckseldi\u011fini ilan ederken daha \u00f6nce tescil edilen vakalardan birinin vefat etti\u011fine i\u015faret etti.<\/p>\n<p>Bakanl\u0131k SANA&#8217;n\u0131n da bir n\u00fcshas\u0131n\u0131 ald\u0131\u011f\u0131 beyanda, bug\u00fcn yeni 1 korona vir\u00fcs vakas\u0131n\u0131n daha kaydedildi\u011fini ayr\u0131ca daha \u00f6nce tescil edilen vakalardan birinin de vefat etti\u011fini b\u00f6ylece Suriye&#8217;de bug\u00fcne kadar tescil edilen yeni tip koronavir\u00fcs say\u0131s\u0131n\u0131n 39&#8217;a y\u00fckdseldi\u011fini bunlardan 5&#8217;inin iyile\u015fti\u011fini 2&#8217;sinin de vefat etti\u011fini a\u00e7\u0131klad\u0131.<\/p>\n<p>Suriye&#8217;de ilk vaka \u00fclkeye yurt d\u0131\u015f\u0131ndan gelen biri \u00fczerinde 22 Mart tarihinde, ilk vefat vakas\u0131 da ayn\u0131 ay\u0131n 29&#8217;unda kaydedilmi\u015fti.<\/p>\n","protected":false},"excerpt":{"rendered":"<p>\u015eAM &#8211; Sa\u011fl\u0131k Bakanl\u0131\u011f\u0131 bug\u00fcn yeni 1 Korona Vir\u00fcs vakas\u0131n\u0131n daha kaydedildi\u011fini b\u00f6ylece Suriye&#8217;de tescil edilen vaka say\u0131s\u0131n\u0131n 39&#8217;a y\u00fckseldi\u011fini ilan ederken daha \u00f6nce tescil edilen vakalardan birinin vefat etti\u011fine i\u015faret etti. Bakanl\u0131k SANA&#8217;n\u0131n da bir n\u00fcshas\u0131n\u0131 ald\u0131\u011f\u0131 beyanda, bug\u00fcn yeni 1 korona vir\u00fcs vakas\u0131n\u0131n daha kaydedildi\u011fini ayr\u0131ca daha \u00f6nce tescil edilen vakalardan birinin de &hellip;<\/p>\n","protected":false},"author":1,"featured_media":207417,"comment_status":"closed","ping_status":"closed","sticky":false,"template":"","format":"standard","meta":{"footnotes":""},"categories":[526,479,17988,525,478],"tags":[],"class_list":["post-207415","post","type-post","status-publish","format-standard","has-post-thumbnail","","category-haber-ve-raporlar","category-haberler-yerel","category-son-haberler","category-toplum","category-yerel"],"_links":{"self":[{"href":"https:\/\/archive.sana.sy\/tr\/index.php?rest_route=\/wp\/v2\/posts\/207415","targetHints":{"allow":["GET"]}}],"collection":[{"href":"https:\/\/archive.sana.sy\/tr\/index.php?rest_route=\/wp\/v2\/posts"}],"about":[{"href":"https:\/\/archive.sana.sy\/tr\/index.php?rest_route=\/wp\/v2\/types\/post"}],"author":[{"embeddable":true,"href":"https:\/\/archive.sana.sy\/tr\/index.php?rest_route=\/wp\/v2\/users\/1"}],"replies":[{"embeddable":true,"href":"https:\/\/archive.sana.sy\/tr\/index.php?rest_route=%2Fwp%2Fv2%2Fcomments&post=207415"}],"version-history":[{"count":0,"href":"https:\/\/archive.sana.sy\/tr\/index.php?rest_route=\/wp\/v2\/posts\/207415\/revisions"}],"wp:featuredmedia":[{"embeddable":true,"href":"https:\/\/archive.sana.sy\/tr\/index.php?rest_route=\/wp\/v2\/media\/207417"}],"wp:attachment":[{"href":"https:\/\/archive.sana.sy\/tr\/index.php?rest_route=%2Fwp%2Fv2%2Fmedia&parent=207415"}],"wp:term":[{"taxonomy":"category","embeddable":true,"href":"https:\/\/archive.sana.sy\/tr\/index.php?rest_route=%2Fwp%2Fv2%2Fcategories&post=207415"},{"taxonomy":"post_tag","embeddable":true,"href":"https:\/\/archive.sana.sy\/tr\/index.php?rest_route=%2Fwp%2Fv2%2Ftags&post=207415"}],"curies":[{"name":"wp","href":"https:\/\/api.w.org\/{rel}","templated":true}]}}