{"id":207461,"date":"2020-04-20T12:04:41","date_gmt":"2020-04-20T09:04:41","guid":{"rendered":"http:\/\/www.sana.sy\/tr\/?p=207461"},"modified":"2020-04-22T08:32:37","modified_gmt":"2020-04-22T05:32:37","slug":"vatandaslarin-sehirlerarasi-ulasimlarini-saglamak-icin-bugun-ve-yarin-otobusler-yurutuldu","status":"publish","type":"post","link":"https:\/\/archive.sana.sy\/tr\/?p=207461","title":{"rendered":"Vatanda\u015flar\u0131n \u015eehirleraras\u0131 Ula\u015f\u0131mlar\u0131n\u0131 Sa\u011flamak \u0130\u00e7in Bug\u00fcn ve Yar\u0131n Otob\u00fcsler Y\u00fcr\u00fct\u00fcld\u00fc"},"content":{"rendered":"<p>\u015eAM &#8211; Bu sabah, h\u00fckumet ekibinin korona vir\u00fcs\u00fcyle m\u00fccadele icraatlar\u0131 ile ilgili vatanda\u015flar\u0131n \u015fehirler aras\u0131nda hareket etmesine (sadece bug\u00fcn ve yar\u0131n) izin veren kararlar\u0131na dayanarak, \u015fehirlerin giri\u015f ve \u00e7\u0131k\u0131\u015flar\u0131nda giren \u00e7\u0131kanlar\u0131 test etmek i\u00e7in sa\u011fl\u0131k ekiplerinin koyulmas\u0131 ard\u0131ndan otogar merkezlerinden di\u011fer \u015fehirlere seyahat etmek isteyen vatanda\u015flar\u0131 ta\u015f\u0131mak i\u00e7in otob\u00fcsler y\u00fcr\u00fctt\u00fc.<\/p>\n<div id='gallery-1' class='gallery galleryid-207461 gallery-columns-1 gallery-size-full'><figure class='gallery-item'>\n\t\t\t<div class='gallery-icon landscape'>\n\t\t\t\t<a href='https:\/\/archive.sana.sy\/tr\/wp-content\/uploads\/2020\/04\/damas-11.jpg'><img loading=\"lazy\" decoding=\"async\" width=\"660\" height=\"370\" src=\"https:\/\/archive.sana.sy\/tr\/wp-content\/uploads\/2020\/04\/damas-11.jpg\" class=\"attachment-full size-full\" alt=\"\" srcset=\"https:\/\/archive.sana.sy\/tr\/wp-content\/uploads\/2020\/04\/damas-11.jpg 660w, https:\/\/archive.sana.sy\/tr\/wp-content\/uploads\/2020\/04\/damas-11-300x168.jpg 300w, https:\/\/archive.sana.sy\/tr\/wp-content\/uploads\/2020\/04\/damas-11-150x84.jpg 150w\" sizes=\"auto, (max-width: 660px) 100vw, 660px\" \/><\/a>\n\t\t\t<\/div><\/figure>\n\t\t<\/div>\n\n","protected":false},"excerpt":{"rendered":"<p>\u015eAM &#8211; Bu sabah, h\u00fckumet ekibinin korona vir\u00fcs\u00fcyle m\u00fccadele icraatlar\u0131 ile ilgili vatanda\u015flar\u0131n \u015fehirler aras\u0131nda hareket etmesine (sadece bug\u00fcn ve yar\u0131n) izin veren kararlar\u0131na dayanarak, \u015fehirlerin giri\u015f ve \u00e7\u0131k\u0131\u015flar\u0131nda giren \u00e7\u0131kanlar\u0131 test etmek i\u00e7in sa\u011fl\u0131k ekiplerinin koyulmas\u0131 ard\u0131ndan otogar merkezlerinden di\u011fer \u015fehirlere seyahat etmek isteyen vatanda\u015flar\u0131 ta\u015f\u0131mak i\u00e7in otob\u00fcsler y\u00fcr\u00fctt\u00fc.<\/p>\n","protected":false},"author":1,"featured_media":207462,"comment_status":"closed","ping_status":"closed","sticky":false,"template":"","format":"standard","meta":{"footnotes":""},"categories":[526,479,17988,525,478],"tags":[],"class_list":["post-207461","post","type-post","status-publish","format-standard","has-post-thumbnail","","category-haber-ve-raporlar","category-haberler-yerel","category-son-haberler","category-toplum","category-yerel"],"_links":{"self":[{"href":"https:\/\/archive.sana.sy\/tr\/index.php?rest_route=\/wp\/v2\/posts\/207461","targetHints":{"allow":["GET"]}}],"collection":[{"href":"https:\/\/archive.sana.sy\/tr\/index.php?rest_route=\/wp\/v2\/posts"}],"about":[{"href":"https:\/\/archive.sana.sy\/tr\/index.php?rest_route=\/wp\/v2\/types\/post"}],"author":[{"embeddable":true,"href":"https:\/\/archive.sana.sy\/tr\/index.php?rest_route=\/wp\/v2\/users\/1"}],"replies":[{"embeddable":true,"href":"https:\/\/archive.sana.sy\/tr\/index.php?rest_route=%2Fwp%2Fv2%2Fcomments&post=207461"}],"version-history":[{"count":0,"href":"https:\/\/archive.sana.sy\/tr\/index.php?rest_route=\/wp\/v2\/posts\/207461\/revisions"}],"wp:featuredmedia":[{"embeddable":true,"href":"https:\/\/archive.sana.sy\/tr\/index.php?rest_route=\/wp\/v2\/media\/207462"}],"wp:attachment":[{"href":"https:\/\/archive.sana.sy\/tr\/index.php?rest_route=%2Fwp%2Fv2%2Fmedia&parent=207461"}],"wp:term":[{"taxonomy":"category","embeddable":true,"href":"https:\/\/archive.sana.sy\/tr\/index.php?rest_route=%2Fwp%2Fv2%2Fcategories&post=207461"},{"taxonomy":"post_tag","embeddable":true,"href":"https:\/\/archive.sana.sy\/tr\/index.php?rest_route=%2Fwp%2Fv2%2Ftags&post=207461"}],"curies":[{"name":"wp","href":"https:\/\/api.w.org\/{rel}","templated":true}]}}