{"id":20755,"date":"2015-01-14T20:36:42","date_gmt":"2015-01-14T18:36:42","guid":{"rendered":"http:\/\/sana.sy\/tr\/?p=20755"},"modified":"2015-01-14T20:36:42","modified_gmt":"2015-01-14T18:36:42","slug":"2014-yili-en-iyi-insani-sahsiyete-suriyeli-gazeteciyi-secti","status":"publish","type":"post","link":"https:\/\/archive.sana.sy\/tr\/?p=20755","title":{"rendered":"2014 Y\u0131l\u0131 En \u0130yi \u0130nsani \u015eahsiyete Suriyeli Gazeteciyi Se\u00e7ti"},"content":{"rendered":"<p>KAH\u0130RE \u2013 Irakl\u0131 Naktatu Dav\u2019 (I\u015f\u0131k Spotu) Haber Ajans\u0131; gazetecilikte kendine has \u00fcst\u00fcn performans\u0131 ve ayr\u0131cal\u0131\u011f\u0131n\u0131n yan\u0131 s\u0131ra insani y\u00f6nleri maddiyattan \u00e7ok daha fazla \u00f6nemseyen Suriyeli yurtsever gazeteci Halit Abd\u00fclkadir Bekda\u015f\u2019\u0131 2014 y\u0131l\u0131n\u0131n in iyi insani gazeteci olarak se\u00e7ti.<\/p>\n<p>2006 -2009 y\u0131llar\u0131 aras\u0131nda Suriye&#8217;de bir dizi gazete ve derginin yaz\u0131 i\u015fleri m\u00fcd\u00fcr\u00fc olarak faaliyet g\u00f6steren Bekda\u015f; ard\u0131ndan M\u0131s\u0131r ve Alem Gazetesinin ofis m\u00fcd\u00fcr\u00fc oldu.<\/p>\n<p>Bekda\u015f son olarak \u015fu an Birle\u015fik Arap Emirliklerinde Uluslararas\u0131 Gazetecilik ve Medya \u00d6rg\u00fct\u00fcn\u00fcn b\u00f6lge m\u00fcd\u00fcr\u00fc g\u00f6revini yap\u0131yor.<\/p>\n<p>Uluslararas\u0131 d\u00fczeyde bir dizi \u00f6nemli g\u00f6rev \u00fcstlenen Bekda\u015f; yurtsever ve insani \u00e7al\u0131\u015fmalar\u0131yla \u00fcn sald\u0131.<\/p>\n","protected":false},"excerpt":{"rendered":"<p>KAH\u0130RE \u2013 Irakl\u0131 Naktatu Dav\u2019 (I\u015f\u0131k Spotu) Haber Ajans\u0131; gazetecilikte kendine has \u00fcst\u00fcn performans\u0131 ve ayr\u0131cal\u0131\u011f\u0131n\u0131n yan\u0131 s\u0131ra insani y\u00f6nleri maddiyattan \u00e7ok daha fazla \u00f6nemseyen Suriyeli yurtsever gazeteci Halit Abd\u00fclkadir Bekda\u015f\u2019\u0131 2014 y\u0131l\u0131n\u0131n in iyi insani gazeteci olarak se\u00e7ti. 2006 -2009 y\u0131llar\u0131 aras\u0131nda Suriye&#8217;de bir dizi gazete ve derginin yaz\u0131 i\u015fleri m\u00fcd\u00fcr\u00fc olarak faaliyet g\u00f6steren &hellip;<\/p>\n","protected":false},"author":1,"featured_media":20756,"comment_status":"closed","ping_status":"closed","sticky":false,"template":"","format":"standard","meta":{"footnotes":""},"categories":[458,459],"tags":[10039],"class_list":["post-20755","post","type-post","status-publish","format-standard","has-post-thumbnail","","category-dunya1","category-haberler-arap-uluslararasi-politika","tag-2014-yili-en-iyi-insani-sahsiyete-suriyeli-gazeteciyi-secti-kahire-irakli-naktatu-dav-isik-spotu-haber-ajansi-gazetecilikte-kendine-has-ustun-performansi-ve-ayricaliginin-yani-si"],"_links":{"self":[{"href":"https:\/\/archive.sana.sy\/tr\/index.php?rest_route=\/wp\/v2\/posts\/20755","targetHints":{"allow":["GET"]}}],"collection":[{"href":"https:\/\/archive.sana.sy\/tr\/index.php?rest_route=\/wp\/v2\/posts"}],"about":[{"href":"https:\/\/archive.sana.sy\/tr\/index.php?rest_route=\/wp\/v2\/types\/post"}],"author":[{"embeddable":true,"href":"https:\/\/archive.sana.sy\/tr\/index.php?rest_route=\/wp\/v2\/users\/1"}],"replies":[{"embeddable":true,"href":"https:\/\/archive.sana.sy\/tr\/index.php?rest_route=%2Fwp%2Fv2%2Fcomments&post=20755"}],"version-history":[{"count":0,"href":"https:\/\/archive.sana.sy\/tr\/index.php?rest_route=\/wp\/v2\/posts\/20755\/revisions"}],"wp:featuredmedia":[{"embeddable":true,"href":"https:\/\/archive.sana.sy\/tr\/index.php?rest_route=\/wp\/v2\/media\/20756"}],"wp:attachment":[{"href":"https:\/\/archive.sana.sy\/tr\/index.php?rest_route=%2Fwp%2Fv2%2Fmedia&parent=20755"}],"wp:term":[{"taxonomy":"category","embeddable":true,"href":"https:\/\/archive.sana.sy\/tr\/index.php?rest_route=%2Fwp%2Fv2%2Fcategories&post=20755"},{"taxonomy":"post_tag","embeddable":true,"href":"https:\/\/archive.sana.sy\/tr\/index.php?rest_route=%2Fwp%2Fv2%2Ftags&post=20755"}],"curies":[{"name":"wp","href":"https:\/\/api.w.org\/{rel}","templated":true}]}}