{"id":20758,"date":"2015-01-14T20:41:55","date_gmt":"2015-01-14T18:41:55","guid":{"rendered":"http:\/\/sana.sy\/tr\/?p=20758"},"modified":"2015-01-14T20:41:55","modified_gmt":"2015-01-14T18:41:55","slug":"bogdanov-ingiliz-yetkiliyle-suriyede-siyasi-cozumu-gorustu","status":"publish","type":"post","link":"https:\/\/archive.sana.sy\/tr\/?p=20758","title":{"rendered":"Bogdanov \u0130ngiliz Yetkiliyle Suriye&#8217;de Siyasi \u00c7\u00f6z\u00fcm\u00fc G\u00f6r\u00fc\u015ft\u00fc"},"content":{"rendered":"<p>MOSKOVA \u2013 Rusya ba\u015fkan\u0131n\u0131n Ortado\u011fu ve Afrika Temsilcisi ve D\u0131\u015fi\u015fleri Bakan\u0131 Yard\u0131mc\u0131s\u0131 Mikhail Bogdanov bug\u00fcn Moskova&#8217;da \u0130ngiltere D\u0131\u015fi\u015fleri Bakanl\u0131\u011f\u0131 Siyasi Departman Direkt\u00f6r\u00fc Simon Gass ile Suriye&#8217;deki krize siyasi \u00e7\u00f6z\u00fcm bula gereksinimleri ve I\u015e\u0130D ile temsil olan ter\u00f6rle m\u00fccadele konular\u0131n\u0131 masaya yat\u0131rd\u0131.<\/p>\n<p>Rusya D\u0131\u015fi\u015fleri Bakanl\u0131\u011f\u0131 yay\u0131nlad\u0131\u011f\u0131 beyanda; iki taraf\u0131nda Ortado\u011fu B\u00f6lge g\u00fcndemine ili\u015fkin bir dizi meselede g\u00f6r\u00fc\u015f ve bilgi al\u0131\u015f veri\u015finde bulunduklar\u0131n\u0131 belirtti.<\/p>\n<p>Rus bakanl\u0131k beyan\u0131nda g\u00f6r\u00fc\u015fmede Suriye&#8217;de siyasi \u00e7\u00f6z\u00fcm\u00fcn sa\u011flanmas\u0131na ilaveten I\u015e\u0130D\u2019in temsil etti\u011fi tehlikeye kar\u015f\u0131 koyma konular\u0131 \u00fczerine odakland\u0131klar\u0131na dikkat \u00e7ekti.<\/p>\n","protected":false},"excerpt":{"rendered":"<p>MOSKOVA \u2013 Rusya ba\u015fkan\u0131n\u0131n Ortado\u011fu ve Afrika Temsilcisi ve D\u0131\u015fi\u015fleri Bakan\u0131 Yard\u0131mc\u0131s\u0131 Mikhail Bogdanov bug\u00fcn Moskova&#8217;da \u0130ngiltere D\u0131\u015fi\u015fleri Bakanl\u0131\u011f\u0131 Siyasi Departman Direkt\u00f6r\u00fc Simon Gass ile Suriye&#8217;deki krize siyasi \u00e7\u00f6z\u00fcm bula gereksinimleri ve I\u015e\u0130D ile temsil olan ter\u00f6rle m\u00fccadele konular\u0131n\u0131 masaya yat\u0131rd\u0131. Rusya D\u0131\u015fi\u015fleri Bakanl\u0131\u011f\u0131 yay\u0131nlad\u0131\u011f\u0131 beyanda; iki taraf\u0131nda Ortado\u011fu B\u00f6lge g\u00fcndemine ili\u015fkin bir dizi meselede &hellip;<\/p>\n","protected":false},"author":1,"featured_media":20760,"comment_status":"closed","ping_status":"closed","sticky":false,"template":"","format":"standard","meta":{"footnotes":""},"categories":[458,459,447],"tags":[10040],"class_list":["post-20758","post","type-post","status-publish","format-standard","has-post-thumbnail","","category-dunya1","category-haberler-arap-uluslararasi-politika","category-politika","tag-bogdanov-ingiliz-yetkiliyle-suriyede-siyasi-cozumu-gorustu-moskova-rusya-baskaninin-ortadogu-ve-afrika-temsilcisi-ve-disisleri-bakani-yardimcisi-mikhail-bogdanov-bugun-moskovada-ingiltere"],"_links":{"self":[{"href":"https:\/\/archive.sana.sy\/tr\/index.php?rest_route=\/wp\/v2\/posts\/20758","targetHints":{"allow":["GET"]}}],"collection":[{"href":"https:\/\/archive.sana.sy\/tr\/index.php?rest_route=\/wp\/v2\/posts"}],"about":[{"href":"https:\/\/archive.sana.sy\/tr\/index.php?rest_route=\/wp\/v2\/types\/post"}],"author":[{"embeddable":true,"href":"https:\/\/archive.sana.sy\/tr\/index.php?rest_route=\/wp\/v2\/users\/1"}],"replies":[{"embeddable":true,"href":"https:\/\/archive.sana.sy\/tr\/index.php?rest_route=%2Fwp%2Fv2%2Fcomments&post=20758"}],"version-history":[{"count":0,"href":"https:\/\/archive.sana.sy\/tr\/index.php?rest_route=\/wp\/v2\/posts\/20758\/revisions"}],"wp:featuredmedia":[{"embeddable":true,"href":"https:\/\/archive.sana.sy\/tr\/index.php?rest_route=\/wp\/v2\/media\/20760"}],"wp:attachment":[{"href":"https:\/\/archive.sana.sy\/tr\/index.php?rest_route=%2Fwp%2Fv2%2Fmedia&parent=20758"}],"wp:term":[{"taxonomy":"category","embeddable":true,"href":"https:\/\/archive.sana.sy\/tr\/index.php?rest_route=%2Fwp%2Fv2%2Fcategories&post=20758"},{"taxonomy":"post_tag","embeddable":true,"href":"https:\/\/archive.sana.sy\/tr\/index.php?rest_route=%2Fwp%2Fv2%2Ftags&post=20758"}],"curies":[{"name":"wp","href":"https:\/\/api.w.org\/{rel}","templated":true}]}}