{"id":20763,"date":"2015-01-14T20:54:09","date_gmt":"2015-01-14T18:54:09","guid":{"rendered":"http:\/\/sana.sy\/tr\/?p=20763"},"modified":"2015-01-14T20:54:09","modified_gmt":"2015-01-14T18:54:09","slug":"suriyelilerin-lubnana-girisleri-icin-vize-gerekmiyor","status":"publish","type":"post","link":"https:\/\/archive.sana.sy\/tr\/?p=20763","title":{"rendered":"Suriyelilerin L\u00fcbnan\u2019a Giri\u015fleri \u0130\u00e7in Vize Gerekmiyor"},"content":{"rendered":"<p>BEYRUT \u2013 L\u00fcbnan D\u0131\u015fi\u015fleri ve Gurbet\u00e7iler Bakanl\u0131\u011f\u0131 bug\u00fcn; Suriyelilerin L\u00fcbnan\u2019a girmeleri i\u00e7in vize almalar\u0131na gerek olmad\u0131\u011f\u0131n\u0131 belirtti.<\/p>\n<p>Bakanl\u0131k bug\u00fcn yurtd\u0131\u015f\u0131ndaki t\u00fcm L\u00fcbnan b\u00fcy\u00fckel\u00e7ilikleri, konsolosluklar\u0131 ve diplomatik heyetlerine g\u00f6nderdi\u011fi genelgede; L\u00fcbnan Genel G\u00fcvenlik M\u00fcd\u00fcrl\u00fc\u011f\u00fcn\u00fcn 09 tarihli karar\u0131nda Suriyelilerin L\u00fcbnan\u2019a giri\u015flerine ili\u015fkin yay\u0131nlad\u0131\u011f\u0131 karara \u0131\u015f\u0131k tuttu.<\/p>\n<p>Genelgede Suriye&#8217;ye girecek Suriyelilerin \u2018m\u00fclteciler\u2019 s\u0131fat\u0131 ta\u015f\u0131mamalar\u0131 ko\u015fuluyla herhangi bir vizeye ihtiya\u00e7lar\u0131 olmad\u0131\u011f\u0131n\u0131 belirtti. Genelgede ayr\u0131ca Suriyelilerin L\u00fcbnan\u2019a girmeleri i\u00e7in ziyaret sebeplerini a\u00e7\u0131klamalar\u0131n\u0131n yan\u0131nda gerekli belgelere sahip olmalar\u0131n\u0131n yeterli oldu\u011fu kaydedildi.<\/p>\n<p>L\u00fcbnan D\u0131\u015fi\u015fleri Bakanl\u0131\u011f\u0131 genelgesinde ayr\u0131ca Suriye ile L\u00fcbnan aras\u0131ndaki t\u00fcm s\u0131n\u0131r kap\u0131lar\u0131n\u0131n normalde oldu\u011fu gibi a\u00e7\u0131k kalaca\u011f\u0131n\u0131 ve herhangi bir de\u011fi\u015fikli\u011fin olmayaca\u011f\u0131n\u0131 belirtti.<\/p>\n","protected":false},"excerpt":{"rendered":"<p>BEYRUT \u2013 L\u00fcbnan D\u0131\u015fi\u015fleri ve Gurbet\u00e7iler Bakanl\u0131\u011f\u0131 bug\u00fcn; Suriyelilerin L\u00fcbnan\u2019a girmeleri i\u00e7in vize almalar\u0131na gerek olmad\u0131\u011f\u0131n\u0131 belirtti. Bakanl\u0131k bug\u00fcn yurtd\u0131\u015f\u0131ndaki t\u00fcm L\u00fcbnan b\u00fcy\u00fckel\u00e7ilikleri, konsolosluklar\u0131 ve diplomatik heyetlerine g\u00f6nderdi\u011fi genelgede; L\u00fcbnan Genel G\u00fcvenlik M\u00fcd\u00fcrl\u00fc\u011f\u00fcn\u00fcn 09 tarihli karar\u0131nda Suriyelilerin L\u00fcbnan\u2019a giri\u015flerine ili\u015fkin yay\u0131nlad\u0131\u011f\u0131 karara \u0131\u015f\u0131k tuttu. Genelgede Suriye&#8217;ye girecek Suriyelilerin \u2018m\u00fclteciler\u2019 s\u0131fat\u0131 ta\u015f\u0131mamalar\u0131 ko\u015fuluyla herhangi bir vizeye &hellip;<\/p>\n","protected":false},"author":1,"featured_media":20764,"comment_status":"closed","ping_status":"closed","sticky":false,"template":"","format":"standard","meta":{"footnotes":""},"categories":[458,459,447],"tags":[10046,10045],"class_list":["post-20763","post","type-post","status-publish","format-standard","has-post-thumbnail","","category-dunya1","category-haberler-arap-uluslararasi-politika","category-politika","tag-konsolosluklari-ve-diplomatik-heyetlerine-gonderdigi-genelgede-lubnan-genel-guvenlik-mudurlugunun-09-tarihli-kararinda-suriyelilerin-lubnana-girislerine-iliskin-yayinladigi-karara-isik-tuttu","tag-suriyelilerin-lubnana-girisleri-icin-vize-gerekmiyor-beyrut-lubnan-disisleri-ve-gurbetciler-bakanligi-bugun-suriyelilerin-lubnana-girmeleri-icin-vize-almalarina-gerek-olma"],"_links":{"self":[{"href":"https:\/\/archive.sana.sy\/tr\/index.php?rest_route=\/wp\/v2\/posts\/20763","targetHints":{"allow":["GET"]}}],"collection":[{"href":"https:\/\/archive.sana.sy\/tr\/index.php?rest_route=\/wp\/v2\/posts"}],"about":[{"href":"https:\/\/archive.sana.sy\/tr\/index.php?rest_route=\/wp\/v2\/types\/post"}],"author":[{"embeddable":true,"href":"https:\/\/archive.sana.sy\/tr\/index.php?rest_route=\/wp\/v2\/users\/1"}],"replies":[{"embeddable":true,"href":"https:\/\/archive.sana.sy\/tr\/index.php?rest_route=%2Fwp%2Fv2%2Fcomments&post=20763"}],"version-history":[{"count":0,"href":"https:\/\/archive.sana.sy\/tr\/index.php?rest_route=\/wp\/v2\/posts\/20763\/revisions"}],"wp:featuredmedia":[{"embeddable":true,"href":"https:\/\/archive.sana.sy\/tr\/index.php?rest_route=\/wp\/v2\/media\/20764"}],"wp:attachment":[{"href":"https:\/\/archive.sana.sy\/tr\/index.php?rest_route=%2Fwp%2Fv2%2Fmedia&parent=20763"}],"wp:term":[{"taxonomy":"category","embeddable":true,"href":"https:\/\/archive.sana.sy\/tr\/index.php?rest_route=%2Fwp%2Fv2%2Fcategories&post=20763"},{"taxonomy":"post_tag","embeddable":true,"href":"https:\/\/archive.sana.sy\/tr\/index.php?rest_route=%2Fwp%2Fv2%2Ftags&post=20763"}],"curies":[{"name":"wp","href":"https:\/\/api.w.org\/{rel}","templated":true}]}}