{"id":207644,"date":"2020-04-22T12:38:34","date_gmt":"2020-04-22T09:38:34","guid":{"rendered":"http:\/\/www.sana.sy\/tr\/?p=207644"},"modified":"2020-04-23T08:40:38","modified_gmt":"2020-04-23T05:40:38","slug":"birlesmis-milletler-korona-pandemisi-sebebiyle-kuresel-kitliktan-uyardi","status":"publish","type":"post","link":"https:\/\/archive.sana.sy\/tr\/?p=207644","title":{"rendered":"Birle\u015fmi\u015f Milletler Korona Pandemisi Sebebiyle K\u00fcresel K\u0131tl\u0131ktan Uyard\u0131"},"content":{"rendered":"<p>NEW YORK &#8211; Birle\u015fmi\u015f Milletler, korona salg\u0131n\u0131n\u0131n yay\u0131lmas\u0131 nedeniyle d\u00fcnyan\u0131n k\u00fcresel k\u0131tl\u0131kla kar\u015f\u0131 kar\u015f\u0131ya oldu\u011fu konusunda uyararak, bir felaketten ka\u00e7\u0131nmak i\u00e7in acil icraatlar\u0131n al\u0131nmas\u0131 gerekti\u011fini belirtti.<\/p>\n<p>Birle\u015fmi\u015f Milletler D\u00fcnya G\u0131da Program\u0131 Genel M\u00fcd\u00fcr\u00fc David Paisley, video ba\u011flant\u0131s\u0131 arac\u0131l\u0131\u011f\u0131yla G\u00fcvenlik Konseyi&#8217;ne yapt\u0131\u011f\u0131 konu\u015fmada, &#8220;D\u00fcnya sadece k\u00fcresel sa\u011fl\u0131k salg\u0131n\u0131yla de\u011fil, ayn\u0131 zamanda k\u00fcresel bir insani felaketle de kar\u015f\u0131 kar\u015f\u0131yad\u0131r&#8221; diyerek, korona vir\u00fcs\u00fcn\u00fcn d\u00fcnya \u00e7ap\u0131nda yay\u0131lmas\u0131n\u0131n &#8220;\u0130kinci D\u00fcnya Sava\u015f\u0131&#8217;ndan bu yana ya\u015fanan en k\u00f6t\u00fc insani krize yol a\u00e7t\u0131\u011f\u0131n\u0131&#8221; dile getirdi.<\/p>\n<p>A\u00e7l\u0131k ya da daha k\u00f6t\u00fc d\u00fczeylerle kar\u015f\u0131 kar\u015f\u0131ya olan 135 milyon insan\u0131n yan\u0131 s\u0131ra 130 milyon insan\u0131n da a\u00e7l\u0131\u011f\u0131n e\u015fi\u011finde oldu\u011funu a\u00e7\u0131klayarak, D\u00fcnya G\u0131da Program\u0131n\u0131n birka\u00e7 y\u0131l \u00f6nce yakla\u015f\u0131k 80 milyon olan \u015fimdi ise yakla\u015f\u0131k 100 milyon insan\u0131n can damar\u0131 say\u0131lan yard\u0131mlar\u0131 sundu\u011funa i\u015faret etti.<\/p>\n<p>Paisley, d\u00fcnyan\u0131n &#8220;ak\u0131ll\u0131ca ve h\u0131zl\u0131 davranmas\u0131&#8221; gerekti\u011fini vurgulayarak &#8220;birka\u00e7 ay i\u00e7inde korkun\u00e7 bir felaketi temsil eden birden fazla a\u00e7l\u0131k t\u00fcr\u00fcyle kar\u015f\u0131la\u015fabilece\u011fimizi&#8221; ve: &#8220;Asl\u0131nda, zaman bizim lehimize \u00e7al\u0131\u015fm\u0131yor&#8221; dedi.<\/p>\n<p>Kendi y\u00f6n\u00fcnden &#8220;Uluslararas\u0131 \u00c7al\u0131\u015fma \u00d6rg\u00fct\u00fc&#8221;, Korona&#8217;n\u0131n yay\u0131lmas\u0131 krizinin, t\u00fcm sekt\u00f6rlerdeki \u00fcretim ve i\u015flerdeki b\u00fcy\u00fck hasarlar nedeniyle d\u00fcnyadaki i\u015f\u00e7i ve \u00e7al\u0131\u015fanlar \u00fczerinde y\u0131k\u0131c\u0131 bir etkiye sahip olabilece\u011fi konusunda uyard\u0131.<\/p>\n<p>\u00d6rg\u00fctteki sekt\u00f6rel politikalar direkt\u00f6r\u00fc Arlit van Laure, &#8220;\u00e7al\u0131\u015fma d\u00fcnyas\u0131n\u0131n \u0130kinci D\u00fcnya Sava\u015f\u0131&#8217;ndan bu yana ya\u015fanan en k\u00f6t\u00fc uluslararas\u0131 krizden ge\u00e7iyor&#8221; diyerek, &#8220;Salg\u0131n\u0131n ekonomik etkisinin tehlikeli ve uzun vadeli olaca\u011f\u0131n\u0131&#8221; dile getirdi.<\/p>\n","protected":false},"excerpt":{"rendered":"<p>NEW YORK &#8211; Birle\u015fmi\u015f Milletler, korona salg\u0131n\u0131n\u0131n yay\u0131lmas\u0131 nedeniyle d\u00fcnyan\u0131n k\u00fcresel k\u0131tl\u0131kla kar\u015f\u0131 kar\u015f\u0131ya oldu\u011fu konusunda uyararak, bir felaketten ka\u00e7\u0131nmak i\u00e7in acil icraatlar\u0131n al\u0131nmas\u0131 gerekti\u011fini belirtti. Birle\u015fmi\u015f Milletler D\u00fcnya G\u0131da Program\u0131 Genel M\u00fcd\u00fcr\u00fc David Paisley, video ba\u011flant\u0131s\u0131 arac\u0131l\u0131\u011f\u0131yla G\u00fcvenlik Konseyi&#8217;ne yapt\u0131\u011f\u0131 konu\u015fmada, &#8220;D\u00fcnya sadece k\u00fcresel sa\u011fl\u0131k salg\u0131n\u0131yla de\u011fil, ayn\u0131 zamanda k\u00fcresel bir insani felaketle de &hellip;<\/p>\n","protected":false},"author":1,"featured_media":207645,"comment_status":"closed","ping_status":"closed","sticky":false,"template":"","format":"standard","meta":{"footnotes":""},"categories":[458,459,17988],"tags":[],"class_list":["post-207644","post","type-post","status-publish","format-standard","has-post-thumbnail","","category-dunya1","category-haberler-arap-uluslararasi-politika","category-son-haberler"],"_links":{"self":[{"href":"https:\/\/archive.sana.sy\/tr\/index.php?rest_route=\/wp\/v2\/posts\/207644","targetHints":{"allow":["GET"]}}],"collection":[{"href":"https:\/\/archive.sana.sy\/tr\/index.php?rest_route=\/wp\/v2\/posts"}],"about":[{"href":"https:\/\/archive.sana.sy\/tr\/index.php?rest_route=\/wp\/v2\/types\/post"}],"author":[{"embeddable":true,"href":"https:\/\/archive.sana.sy\/tr\/index.php?rest_route=\/wp\/v2\/users\/1"}],"replies":[{"embeddable":true,"href":"https:\/\/archive.sana.sy\/tr\/index.php?rest_route=%2Fwp%2Fv2%2Fcomments&post=207644"}],"version-history":[{"count":0,"href":"https:\/\/archive.sana.sy\/tr\/index.php?rest_route=\/wp\/v2\/posts\/207644\/revisions"}],"wp:featuredmedia":[{"embeddable":true,"href":"https:\/\/archive.sana.sy\/tr\/index.php?rest_route=\/wp\/v2\/media\/207645"}],"wp:attachment":[{"href":"https:\/\/archive.sana.sy\/tr\/index.php?rest_route=%2Fwp%2Fv2%2Fmedia&parent=207644"}],"wp:term":[{"taxonomy":"category","embeddable":true,"href":"https:\/\/archive.sana.sy\/tr\/index.php?rest_route=%2Fwp%2Fv2%2Fcategories&post=207644"},{"taxonomy":"post_tag","embeddable":true,"href":"https:\/\/archive.sana.sy\/tr\/index.php?rest_route=%2Fwp%2Fv2%2Ftags&post=207644"}],"curies":[{"name":"wp","href":"https:\/\/api.w.org\/{rel}","templated":true}]}}