{"id":207650,"date":"2020-04-22T13:22:37","date_gmt":"2020-04-22T10:22:37","guid":{"rendered":"http:\/\/www.sana.sy\/tr\/?p=207650"},"modified":"2020-04-23T08:40:52","modified_gmt":"2020-04-23T05:40:52","slug":"disisleri-ve-gurbetciler-bakanligi-tartus-konsolosluk-ofisindeki-calismalarina-yeniden-basladi","status":"publish","type":"post","link":"https:\/\/archive.sana.sy\/tr\/?p=207650","title":{"rendered":"D\u0131\u015fi\u015fleri ve Gurbet\u00e7iler Bakanl\u0131\u011f\u0131, Tartus Konsolosluk Ofisindeki \u00c7al\u0131\u015fmalar\u0131na Yeniden Ba\u015flad\u0131"},"content":{"rendered":"<p>\u015eAM \u2013 D\u0131\u015fi\u015fleri ve Gurbet\u00e7iler Bakanl\u0131\u011f\u0131, ticari farturalar, vekaletler ve sadece gurbet\u00e7iler icin Suriye&#8217;yi ziyaret izinlerinin uzat\u0131lmas\u0131 taleplerini teslim almak i\u00e7in Pazar &#8211; Per\u015fembe g\u00fcnleri aras\u0131nda sabah 9\u2019dan \u00f6\u011fle 12\u2019ye kadar, Tartus\u2019taki konsolosluk ofisinde \u00e7al\u0131\u015fmalar\u0131na yeniden ba\u015flad\u0131\u011f\u0131n\u0131 duyurdu.<\/p>\n<p>\u00c7eviri\u015e: M.Y. ve S.\u015e.<\/p>\n","protected":false},"excerpt":{"rendered":"<p>\u015eAM \u2013 D\u0131\u015fi\u015fleri ve Gurbet\u00e7iler Bakanl\u0131\u011f\u0131, ticari farturalar, vekaletler ve sadece gurbet\u00e7iler icin Suriye&#8217;yi ziyaret izinlerinin uzat\u0131lmas\u0131 taleplerini teslim almak i\u00e7in Pazar &#8211; Per\u015fembe g\u00fcnleri aras\u0131nda sabah 9\u2019dan \u00f6\u011fle 12\u2019ye kadar, Tartus\u2019taki konsolosluk ofisinde \u00e7al\u0131\u015fmalar\u0131na yeniden ba\u015flad\u0131\u011f\u0131n\u0131 duyurdu. \u00c7eviri\u015e: M.Y. ve S.\u015e.<\/p>\n","protected":false},"author":36,"featured_media":207651,"comment_status":"closed","ping_status":"closed","sticky":false,"template":"","format":"standard","meta":{"footnotes":""},"categories":[526,479,17988,525,478],"tags":[],"class_list":["post-207650","post","type-post","status-publish","format-standard","has-post-thumbnail","","category-haber-ve-raporlar","category-haberler-yerel","category-son-haberler","category-toplum","category-yerel"],"_links":{"self":[{"href":"https:\/\/archive.sana.sy\/tr\/index.php?rest_route=\/wp\/v2\/posts\/207650","targetHints":{"allow":["GET"]}}],"collection":[{"href":"https:\/\/archive.sana.sy\/tr\/index.php?rest_route=\/wp\/v2\/posts"}],"about":[{"href":"https:\/\/archive.sana.sy\/tr\/index.php?rest_route=\/wp\/v2\/types\/post"}],"author":[{"embeddable":true,"href":"https:\/\/archive.sana.sy\/tr\/index.php?rest_route=\/wp\/v2\/users\/36"}],"replies":[{"embeddable":true,"href":"https:\/\/archive.sana.sy\/tr\/index.php?rest_route=%2Fwp%2Fv2%2Fcomments&post=207650"}],"version-history":[{"count":0,"href":"https:\/\/archive.sana.sy\/tr\/index.php?rest_route=\/wp\/v2\/posts\/207650\/revisions"}],"wp:featuredmedia":[{"embeddable":true,"href":"https:\/\/archive.sana.sy\/tr\/index.php?rest_route=\/wp\/v2\/media\/207651"}],"wp:attachment":[{"href":"https:\/\/archive.sana.sy\/tr\/index.php?rest_route=%2Fwp%2Fv2%2Fmedia&parent=207650"}],"wp:term":[{"taxonomy":"category","embeddable":true,"href":"https:\/\/archive.sana.sy\/tr\/index.php?rest_route=%2Fwp%2Fv2%2Fcategories&post=207650"},{"taxonomy":"post_tag","embeddable":true,"href":"https:\/\/archive.sana.sy\/tr\/index.php?rest_route=%2Fwp%2Fv2%2Ftags&post=207650"}],"curies":[{"name":"wp","href":"https:\/\/api.w.org\/{rel}","templated":true}]}}