{"id":207735,"date":"2020-04-23T19:03:21","date_gmt":"2020-04-23T16:03:21","guid":{"rendered":"http:\/\/www.sana.sy\/tr\/?p=207735"},"modified":"2020-04-25T08:38:19","modified_gmt":"2020-04-25T05:38:19","slug":"sb-asi-kampanyasi-tum-merkez-ve-mobil-ekipler-tarafindan-suruyor","status":"publish","type":"post","link":"https:\/\/archive.sana.sy\/tr\/?p=207735","title":{"rendered":"SB: A\u015f\u0131 Kampanyas\u0131 T\u00fcm Merkez Ve Mobil Ekipler Taraf\u0131ndan S\u00fcr\u00fcyor"},"content":{"rendered":"<p style=\"text-align: justify;\">\u015eAM \u2013 Sa\u011fl\u0131k Bakanl\u0131\u011f\u0131 a\u015f\u0131 kampanyas\u0131 hizmetlerinin t\u00fcm sa\u011fl\u0131k merkezleri ve mobil ekipler taraf\u0131ndan her zamanki gibi devam etti\u011fini, ask\u0131ya al\u0131nmad\u0131\u011f\u0131n\u0131 veya ertelenmedi\u011fini belirtti.<\/p>\n<p style=\"text-align: justify;\">Bakanl\u0131k SANA haber ajans\u0131n\u0131nda birn\u00fcshas\u0131n\u0131 ald\u0131\u011f\u0131 beyan\u0131nda, a\u015f\u0131lara kar\u015f\u0131 ba\u011f\u0131\u015f\u0131kl\u0131k tepkisinin, ortaya \u00e7\u0131kan korona vir\u00fcs\u00fcn\u00fcn neden oldu\u011fu &#8220;Covid 19&#8221; da dahil olmak \u00fczere ba\u011f\u0131\u015f\u0131kl\u0131k sisteminin \u00e7ocuklara mevsimsel enfeksiyonlara kar\u015f\u0131 tepkisini engellemedi\u011fini veya etkilemedi\u011fine i\u015faret ederek, \u015fimdiye kadar, hi\u00e7bir ara\u015ft\u0131rman\u0131n, t\u00fcberk\u00fcloz a\u015f\u0131s\u0131n\u0131n verilmesinin &#8220;Covid 19&#8243;a kar\u015f\u0131 korudu\u011funu kan\u0131tlamad\u0131\u011f\u0131n\u0131, bu nedenle t\u00fcberk\u00fcloz a\u015f\u0131s\u0131n\u0131n sadece ulusal a\u015f\u0131 program\u0131na g\u00f6re verildi\u011fini ifade etti.<\/p>\n<p style=\"text-align: justify;\">Bakanl\u0131k beyan\u0131nda, \u00e7ocu\u011fun a\u015f\u0131lar\u0131n\u0131 do\u011fumdan hemen sonra verilmeye ba\u015flanmas\u0131 ve tarihlerine uyulmas\u0131 gerekti\u011fini, bunun da daha k\u00fc\u00e7\u00fck bir ya\u015fta daha iyi ba\u011f\u0131\u015f\u0131kl\u0131k kazand\u0131raca\u011f\u0131n\u0131, her a\u015f\u0131ya ayr\u0131lan dozlar\u0131n belirtilen s\u00fcrede tamamlanmas\u0131 gerekti\u011fini vurgulayarak tamamlamamas\u0131 halinde a\u015f\u0131 yap\u0131lmam\u0131\u015f anlam\u0131na geldi\u011fine dikkat \u00e7ekti.<\/p>\n<p style=\"text-align: justify;\">Bilinece\u011fi \u00fczere Ulusal A\u015f\u0131 Kampanyas\u0131, \u00e7ocu\u011fun ya\u015f\u0131na g\u00f6re belirli zaman cetveli program\u0131 gere\u011fince 11 a\u015f\u0131y\u0131 i\u00e7ermektedir.<\/p>\n","protected":false},"excerpt":{"rendered":"<p>\u015eAM \u2013 Sa\u011fl\u0131k Bakanl\u0131\u011f\u0131 a\u015f\u0131 kampanyas\u0131 hizmetlerinin t\u00fcm sa\u011fl\u0131k merkezleri ve mobil ekipler taraf\u0131ndan her zamanki gibi devam etti\u011fini, ask\u0131ya al\u0131nmad\u0131\u011f\u0131n\u0131 veya ertelenmedi\u011fini belirtti. Bakanl\u0131k SANA haber ajans\u0131n\u0131nda birn\u00fcshas\u0131n\u0131 ald\u0131\u011f\u0131 beyan\u0131nda, a\u015f\u0131lara kar\u015f\u0131 ba\u011f\u0131\u015f\u0131kl\u0131k tepkisinin, ortaya \u00e7\u0131kan korona vir\u00fcs\u00fcn\u00fcn neden oldu\u011fu &#8220;Covid 19&#8221; da dahil olmak \u00fczere ba\u011f\u0131\u015f\u0131kl\u0131k sisteminin \u00e7ocuklara mevsimsel enfeksiyonlara kar\u015f\u0131 tepkisini engellemedi\u011fini &hellip;<\/p>\n","protected":false},"author":1,"featured_media":207736,"comment_status":"closed","ping_status":"closed","sticky":false,"template":"","format":"standard","meta":{"footnotes":""},"categories":[526,479,541,17988,525,538,478],"tags":[],"class_list":["post-207735","post","type-post","status-publish","format-standard","has-post-thumbnail","","category-haber-ve-raporlar","category-haberler-yerel","category-haberler","category-son-haberler","category-toplum","category-yasam","category-yerel"],"_links":{"self":[{"href":"https:\/\/archive.sana.sy\/tr\/index.php?rest_route=\/wp\/v2\/posts\/207735","targetHints":{"allow":["GET"]}}],"collection":[{"href":"https:\/\/archive.sana.sy\/tr\/index.php?rest_route=\/wp\/v2\/posts"}],"about":[{"href":"https:\/\/archive.sana.sy\/tr\/index.php?rest_route=\/wp\/v2\/types\/post"}],"author":[{"embeddable":true,"href":"https:\/\/archive.sana.sy\/tr\/index.php?rest_route=\/wp\/v2\/users\/1"}],"replies":[{"embeddable":true,"href":"https:\/\/archive.sana.sy\/tr\/index.php?rest_route=%2Fwp%2Fv2%2Fcomments&post=207735"}],"version-history":[{"count":0,"href":"https:\/\/archive.sana.sy\/tr\/index.php?rest_route=\/wp\/v2\/posts\/207735\/revisions"}],"wp:featuredmedia":[{"embeddable":true,"href":"https:\/\/archive.sana.sy\/tr\/index.php?rest_route=\/wp\/v2\/media\/207736"}],"wp:attachment":[{"href":"https:\/\/archive.sana.sy\/tr\/index.php?rest_route=%2Fwp%2Fv2%2Fmedia&parent=207735"}],"wp:term":[{"taxonomy":"category","embeddable":true,"href":"https:\/\/archive.sana.sy\/tr\/index.php?rest_route=%2Fwp%2Fv2%2Fcategories&post=207735"},{"taxonomy":"post_tag","embeddable":true,"href":"https:\/\/archive.sana.sy\/tr\/index.php?rest_route=%2Fwp%2Fv2%2Ftags&post=207735"}],"curies":[{"name":"wp","href":"https:\/\/api.w.org\/{rel}","templated":true}]}}