{"id":207738,"date":"2020-04-23T19:07:47","date_gmt":"2020-04-23T16:07:47","guid":{"rendered":"http:\/\/www.sana.sy\/tr\/?p=207738"},"modified":"2020-04-25T08:38:23","modified_gmt":"2020-04-25T05:38:23","slug":"halepte-karantina-ve-izolasyon-merkezleri-korona-ile-mucadele-icin-hazir","status":"publish","type":"post","link":"https:\/\/archive.sana.sy\/tr\/?p=207738","title":{"rendered":"Halep&#8217;te Karantina ve \u0130zolasyon Merkezleri Korona \u0130le M\u00fccadele \u0130\u00e7in Haz\u0131r (V\u0130DEO)"},"content":{"rendered":"<p style=\"text-align: justify;\">HALEP &#8211; Halep valili\u011fi, korona vir\u00fcs\u00fcne y\u00f6nelik al\u0131nacak \u00f6nlemlerin bir par\u00e7as\u0131 olarak, \u015f\u00fcpheli koronavir\u00fcs enfeksiyonu veya tamamen vir\u00fcs bula\u015facak olan vakalar\u0131n\u0131 kar\u015f\u0131lamak i\u00e7in, tam te\u015fekk\u00fcll\u00fc \u015fekilde haz\u0131r duruma gelirken, Karantina ve izolasyon merkezleri \u0130bn-i Haldun ve Zahi Azrak hastanelerinde kuruldu.<\/p>\n<p style=\"text-align: justify;\">Halep Sa\u011fl\u0131k M\u00fcd\u00fcr\u00fc Dr. Ziyad Hac Taha SANA muhabirine a\u00e7\u0131klamas\u0131nda, s\u00f6z konusu her iki merkezin hastalar i\u00e7in yatak, yo\u011fun bak\u0131m \u00fcnitesini i\u00e7erdiklerini, sa\u011fl\u0131k ekipleriyle birlikte iki ambulans arac\u0131n\u0131n korona vir\u00fcs \u015f\u00fcphesi olan halleri ta\u015f\u0131mada kullan\u0131lmaya haz\u0131r halde oldu\u011funu belirterek, E\u011fitim Bakanl\u0131\u011f\u0131na tabi Misafir Evi&#8217;ndeki izolasyon merkezinin, di\u011ferisinin de Zahi Ezrak Hastanesinde a\u00e7\u0131ld\u0131\u011f\u0131n\u0131 ifade etti.<\/p>\n<p style=\"text-align: justify;\">SANA kameras\u0131 \u0130bn-i Haldun ve Zahi Ezrak hastanelerindeki tam te\u015fekk\u00fcll\u00fc s\u00f6z konusu merkezleri gezdi.<\/p>\n<p><iframe loading=\"lazy\" src=\"https:\/\/www.youtube.com\/embed\/qnoMfxbeW_c\" width=\"620\" height=\"348\" frameborder=\"0\" allowfullscreen=\"allowfullscreen\"><\/iframe><\/p>\n","protected":false},"excerpt":{"rendered":"<p>HALEP &#8211; Halep valili\u011fi, korona vir\u00fcs\u00fcne y\u00f6nelik al\u0131nacak \u00f6nlemlerin bir par\u00e7as\u0131 olarak, \u015f\u00fcpheli koronavir\u00fcs enfeksiyonu veya tamamen vir\u00fcs bula\u015facak olan vakalar\u0131n\u0131 kar\u015f\u0131lamak i\u00e7in, tam te\u015fekk\u00fcll\u00fc \u015fekilde haz\u0131r duruma gelirken, Karantina ve izolasyon merkezleri \u0130bn-i Haldun ve Zahi Azrak hastanelerinde kuruldu. Halep Sa\u011fl\u0131k M\u00fcd\u00fcr\u00fc Dr. Ziyad Hac Taha SANA muhabirine a\u00e7\u0131klamas\u0131nda, s\u00f6z konusu her iki merkezin &hellip;<\/p>\n","protected":false},"author":1,"featured_media":207739,"comment_status":"closed","ping_status":"closed","sticky":false,"template":"","format":"standard","meta":{"footnotes":""},"categories":[479,541,17988,538,478],"tags":[],"class_list":["post-207738","post","type-post","status-publish","format-standard","has-post-thumbnail","","category-haberler-yerel","category-haberler","category-son-haberler","category-yasam","category-yerel"],"_links":{"self":[{"href":"https:\/\/archive.sana.sy\/tr\/index.php?rest_route=\/wp\/v2\/posts\/207738","targetHints":{"allow":["GET"]}}],"collection":[{"href":"https:\/\/archive.sana.sy\/tr\/index.php?rest_route=\/wp\/v2\/posts"}],"about":[{"href":"https:\/\/archive.sana.sy\/tr\/index.php?rest_route=\/wp\/v2\/types\/post"}],"author":[{"embeddable":true,"href":"https:\/\/archive.sana.sy\/tr\/index.php?rest_route=\/wp\/v2\/users\/1"}],"replies":[{"embeddable":true,"href":"https:\/\/archive.sana.sy\/tr\/index.php?rest_route=%2Fwp%2Fv2%2Fcomments&post=207738"}],"version-history":[{"count":0,"href":"https:\/\/archive.sana.sy\/tr\/index.php?rest_route=\/wp\/v2\/posts\/207738\/revisions"}],"wp:featuredmedia":[{"embeddable":true,"href":"https:\/\/archive.sana.sy\/tr\/index.php?rest_route=\/wp\/v2\/media\/207739"}],"wp:attachment":[{"href":"https:\/\/archive.sana.sy\/tr\/index.php?rest_route=%2Fwp%2Fv2%2Fmedia&parent=207738"}],"wp:term":[{"taxonomy":"category","embeddable":true,"href":"https:\/\/archive.sana.sy\/tr\/index.php?rest_route=%2Fwp%2Fv2%2Fcategories&post=207738"},{"taxonomy":"post_tag","embeddable":true,"href":"https:\/\/archive.sana.sy\/tr\/index.php?rest_route=%2Fwp%2Fv2%2Ftags&post=207738"}],"curies":[{"name":"wp","href":"https:\/\/api.w.org\/{rel}","templated":true}]}}