{"id":207747,"date":"2020-04-24T00:40:25","date_gmt":"2020-04-23T21:40:25","guid":{"rendered":"http:\/\/www.sana.sy\/tr\/?p=207747"},"modified":"2020-04-25T08:39:10","modified_gmt":"2020-04-25T05:39:10","slug":"207747","status":"publish","type":"post","link":"https:\/\/archive.sana.sy\/tr\/?p=207747","title":{"rendered":"\u0130\u015fgal Edilen Golan&#8217;\u0131n Uluslararas\u0131 Kanunun Garantisi Alt\u0131nda T\u00fcm Yollarla \u0130adesi Suriye&#8217;nin \u00d6nceli\u011fidir"},"content":{"rendered":"<p style=\"text-align: justify;\">NEW YORK \u2013 Suriye&#8217;nin Birlemi\u015f Milletler&#8217;deki daimi temsilcisi Be\u015f\u015far Caferi, i\u015fgal edilen Golan&#8217;\u0131n Suriye Arap Cumhuriyeti&#8217;nin ayr\u0131lmaz par\u00e7as\u0131 oldu\u011funu, 4 Haziran 1967 y\u0131l\u0131 hatt\u0131na kadar uluslararas\u0131 kanunun garanti etti\u011fi t\u00fcm yollarla geri al\u0131nmas\u0131n\u0131n Suriye&#8217;nin \u00f6ncelikleri aras\u0131nda kalaca\u011f\u0131n\u0131 ve pusulan\u0131n hi\u00e7bir zaman bundan sapmayaca\u011f\u0131n\u0131 bir kez daha yineledi.<\/p>\n<p style=\"text-align: justify;\">Video kanal\u0131yla bug\u00fcn BM G\u00fcvenlik Konseyi&#8217;nin ortado\u011fudaki durum ile ilgili oturumunda yapt\u0131\u011f\u0131 konu\u015fmada, bu y\u0131l\u0131n BM&#8217;in kurulu\u015funun 75. Y\u0131ld\u00f6n\u00fcm\u00fcne denk geldi\u011fini, Filistin davas\u0131 ile aralar\u0131nda i\u015fgal edilen Suriyeli Golan&#8217;\u0131n da bulundu\u011fu t\u00fcm Arap topraklar\u0131na y\u00f6nelik \u0130srail i\u015fgalininin sona erdirilmesi meselesinin toplant\u0131lar\u0131 ve kararlar\u0131 aras\u0131nda en b\u00fcy\u00fck nasibi ald\u0131\u011f\u0131n\u0131 ancak \u00f6rg\u00fct\u00fcn bu mecliste baz\u0131 daimi \u00fcye \u00fclkelerin bask\u0131s\u0131 alt\u0131nda ba\u015fta 242, 338 ve 497 olmak \u00fczere y\u00fcr\u00fcl\u00fc\u011fe koymaktan ve \u0130srail varl\u0131\u011f\u0131n\u0131n Arap topraklar\u0131n\u0131 i\u015fgal etmesini sona erdirmeye mecbur etmekten aciz kald\u0131\u011f\u0131n\u0131 a\u00e7\u0131klad\u0131.<\/p>\n<p style=\"text-align: justify;\">Caferi, BM&#8217;nin aczinin baz\u0131 \u00fclkelerin itimat edilen kanun ve mercilerden s\u0131zma gi\u015fiminde bulunmas\u0131, do\u011frular\u0131 alt \u00fcst etmeye \u00e7al\u0131\u015fma ve i\u015fgali desteklemekle tecelli etti\u011fini, bunun da son olarak i\u015fgal edilen Kud\u00fcs&#8217;\u00fcn Amerikan y\u00f6netimi taraf\u0131ndan i\u015fgalci \u0130srail&#8217;in ba\u015fkenti olarak ilan edilmesi daha sonra i\u015fgal edilen Suriyeli Golan konusundaki ilandan yerle\u015fimcili\u011fin me\u015frula\u015ft\u0131r\u0131lmas\u0131na var\u0131ncaya kadarki hareketlerle g\u00f6rd\u00fc\u011f\u00fcm\u00fcze i\u015faret etti.<\/p>\n<p style=\"text-align: justify;\">Caferi, Suriye&#8217;nin keza \u00fcye \u00fclkelerin \u00e7o\u011funlu\u011funun bu tek tarafl\u0131 kararlar\u0131na y\u00f6nelik tutumunun kanun d\u0131\u015f\u0131 ve b\u00f6lge \u00fclke ve halklar\u0131n\u0131 tehdit etmekten ba\u015fka bir \u015fey olmad\u0131\u011f\u0131n\u0131 yineledi.<\/p>\n<p style=\"text-align: justify;\">Caferi,\u00a0 ge\u00e7en zaman i\u00e7erisinde i\u015fgalci \u0130srail otoritelerinin, aralar\u0131nda i\u015fgal h\u00fckumetinin toplant\u0131lar\u0131n\u0131 i\u015fgal edilen Suriyeli Golan&#8217;da d\u00fczenlemesi, s\u00f6zde yerel konsey se\u00e7imlerinin d\u00fczenlenmesi giri\u015fimi ve do\u011fal zenginliklerini ve Golanl\u0131lar\u0131n atalar\u0131ndan miras kalan topraklar\u0131n\u0131 \u00e7almas\u0131 ve gasp etmesinin bulundu\u011fu, planl\u0131 ve tehlikeli uygulamalar\u0131na tan\u0131k oldu\u011funa dikkat \u00e7ekti.<\/p>\n<p style=\"text-align: justify;\">Caferi, bu gibi uygulamalar\u0131n uluslararas\u0131 kanun ve uluslararas\u0131 insani kanuna ihlal te\u015fkil etti\u011fini, baz\u0131lar\u0131n\u0131n bunlarla \u00e7ifte satandartl\u0131 kriterler \u00e7er\u00e7evesinde team\u00fcl etti\u011fini vurgulad\u0131.<\/p>\n<p style=\"text-align: justify;\">Caferi, i\u015fgalci \u0130srail otoritelerinin son zamanlarda L\u00fcbnan topraklar\u0131 \u00fczerinden Suriye Arap Cumhuriyetine y\u00f6nelik y\u00f6nlendirilebilen f\u00fczelerle bir dizi sald\u0131r\u0131da bulundu\u011funu a\u00e7\u0131klayarak bu sald\u0131r\u0131lar\u0131n hedefinin kendisine ajan olan arta kalan ter\u00f6rist art\u0131klar\u0131n\u0131n maneviyatlar\u0131n\u0131 y\u00fckseltmek oldu\u011funu dile getirerek,\u00a0 bu sald\u0131r\u0131lar\u0131n BM&#8217;in kararlar\u0131n\u0131 y\u00fcr\u00fctememesinden kaynakland\u0131\u011f\u0131na dikkat \u00e7ekti.<\/p>\n<p style=\"text-align: justify;\">Caferi, i\u015fgal edilen Golan&#8217;\u0131n Suriye Arap Cumhuriyeti&#8217;nin ayr\u0131lmaz par\u00e7as\u0131 oldu\u011funu, 4 Haziran 1967 y\u0131l\u0131 hatt\u0131na kadar uluslararas\u0131 kanunun garanti etti\u011fi t\u00fcm yollarla geri al\u0131nmas\u0131n\u0131n Suriye&#8217;nin \u00f6ncelikleri aras\u0131nda kalaca\u011f\u0131n\u0131 ve pusulan\u0131n hi\u00e7bir zaman bundan sapmayaca\u011f\u0131n\u0131 belirterek, Suriye&#8217;nin Filistin halk\u0131n\u0131n kendi gelece\u011fini belirleme, ba\u011f\u0131m\u0131s\u0131z devletini ba\u015fkenti Kud\u00fcs olan ulusal topraklar\u0131n\u0131n tamam\u0131 \u00fczerinde kurma hakk\u0131n\u0131 destekledi\u011fini vurgulad\u0131.<\/p>\n","protected":false},"excerpt":{"rendered":"<p>NEW YORK \u2013 Suriye&#8217;nin Birlemi\u015f Milletler&#8217;deki daimi temsilcisi Be\u015f\u015far Caferi, i\u015fgal edilen Golan&#8217;\u0131n Suriye Arap Cumhuriyeti&#8217;nin ayr\u0131lmaz par\u00e7as\u0131 oldu\u011funu, 4 Haziran 1967 y\u0131l\u0131 hatt\u0131na kadar uluslararas\u0131 kanunun garanti etti\u011fi t\u00fcm yollarla geri al\u0131nmas\u0131n\u0131n Suriye&#8217;nin \u00f6ncelikleri aras\u0131nda kalaca\u011f\u0131n\u0131 ve pusulan\u0131n hi\u00e7bir zaman bundan sapmayaca\u011f\u0131n\u0131 bir kez daha yineledi. Video kanal\u0131yla bug\u00fcn BM G\u00fcvenlik Konseyi&#8217;nin ortado\u011fudaki durum &hellip;<\/p>\n","protected":false},"author":1,"featured_media":207748,"comment_status":"closed","ping_status":"closed","sticky":false,"template":"","format":"standard","meta":{"footnotes":""},"categories":[458,459,17988],"tags":[],"class_list":["post-207747","post","type-post","status-publish","format-standard","has-post-thumbnail","","category-dunya1","category-haberler-arap-uluslararasi-politika","category-son-haberler"],"_links":{"self":[{"href":"https:\/\/archive.sana.sy\/tr\/index.php?rest_route=\/wp\/v2\/posts\/207747","targetHints":{"allow":["GET"]}}],"collection":[{"href":"https:\/\/archive.sana.sy\/tr\/index.php?rest_route=\/wp\/v2\/posts"}],"about":[{"href":"https:\/\/archive.sana.sy\/tr\/index.php?rest_route=\/wp\/v2\/types\/post"}],"author":[{"embeddable":true,"href":"https:\/\/archive.sana.sy\/tr\/index.php?rest_route=\/wp\/v2\/users\/1"}],"replies":[{"embeddable":true,"href":"https:\/\/archive.sana.sy\/tr\/index.php?rest_route=%2Fwp%2Fv2%2Fcomments&post=207747"}],"version-history":[{"count":0,"href":"https:\/\/archive.sana.sy\/tr\/index.php?rest_route=\/wp\/v2\/posts\/207747\/revisions"}],"wp:featuredmedia":[{"embeddable":true,"href":"https:\/\/archive.sana.sy\/tr\/index.php?rest_route=\/wp\/v2\/media\/207748"}],"wp:attachment":[{"href":"https:\/\/archive.sana.sy\/tr\/index.php?rest_route=%2Fwp%2Fv2%2Fmedia&parent=207747"}],"wp:term":[{"taxonomy":"category","embeddable":true,"href":"https:\/\/archive.sana.sy\/tr\/index.php?rest_route=%2Fwp%2Fv2%2Fcategories&post=207747"},{"taxonomy":"post_tag","embeddable":true,"href":"https:\/\/archive.sana.sy\/tr\/index.php?rest_route=%2Fwp%2Fv2%2Ftags&post=207747"}],"curies":[{"name":"wp","href":"https:\/\/api.w.org\/{rel}","templated":true}]}}