{"id":20789,"date":"2015-01-15T12:15:52","date_gmt":"2015-01-15T10:15:52","guid":{"rendered":"http:\/\/www.sana.sy\/tr\/?p=20789"},"modified":"2015-01-16T21:00:41","modified_gmt":"2015-01-16T19:00:41","slug":"isid-teror-orgutu-meyadin-ilinde-3-vatandasi-oldurerek-cesetlerini-tenkil-etti","status":"publish","type":"post","link":"https:\/\/archive.sana.sy\/tr\/?p=20789","title":{"rendered":"I\u015e\u0130D, Deyrozzor&#8217;da 11 Vatanda\u015f\u0131 \u00d6ld\u00fcrerek Cesetlerini Tenkil Etti"},"content":{"rendered":"<p>DEYREZZOR \u2013 I\u015e\u0130D ter\u00f6r \u00f6rg\u00fct\u00fc kara siciline kiral\u0131klar\u0131n\u0131n yay\u0131ld\u0131\u011f\u0131 b\u00f6lge ahalileri hakk\u0131nda yeni ve korkun\u00e7 bir katliam daha ekledi.<\/p>\n<p>I\u015e\u0130D ter\u00f6r \u00f6rg\u00fct\u00fc d\u00fcn Deyrezzor \u0130linin\u00a0do\u011fu k\u0131rsal\u0131ndaki Meyadin Kentinde 3 vatanda\u015f\u0131 \u00f6ld\u00fcrerek cesetlerini tenkil etti. Yerel kaynaklar SANA muhabirine a\u00e7\u0131klamalar\u0131nda, ter\u00f6r \u00f6rg\u00fct\u00fc elemanlar\u0131n\u0131n As&#8217;ad Muhammed el Assaf, Muhammed Yasin el Hamad adl\u0131 vatanda\u015flar\u0131 &#8216;ter\u00f6r \u00f6rg\u00fct\u00fcne kar\u015f\u0131 sava\u015fma&#8217; iddias\u0131yla\u00a0kur\u015funa dizdiklerini aktard\u0131.<\/p>\n<p>Kaynaklar I\u015e\u0130D ter\u00f6ristlerinin ayn\u0131 zamanda Ahmet Mustafa Ali el Turki adl\u0131 vatanda\u015f\u0131n da kafas\u0131n\u0131 kestiklerini ifade ederken; daha sonra 3 vatanda\u015f\u0131n cans\u0131z bedenlerini Meyadin ili giri\u015findeki el Bul\u2019um Bulvar\u0131nda \u00e7arm\u0131ha gerdiklerini kaydettiler.<\/p>\n<p>Yerel kaynaklar I\u015e\u0130D \u00e7etelerinin ayr\u0131ca Deyrezzor Kentinin 20 km do\u011fusuna d\u00fc\u015fen Almuhasan Kasabas\u0131nda \u0130brahim Crad el Hacr ve Murat Suphi el Handavi adl\u0131 vatanda\u015flar\u0131 \u2018\u00f6rg\u00fcte kar\u015f\u0131 sava\u015ft\u0131klar\u0131\u2019 iddias\u0131yla infaz ettiklerini s\u00f6yledi.<\/p>\n<p>I\u015e\u0130D \u00e7eteleri Deyrezzor Kentinden 50 km uzakl\u0131kta d\u00fc\u015fen \u015eahil K\u00f6y\u00fcnde Hamit Ali Muhammed ve Hamit el Teneyke adl\u0131 vatanda\u015flar\u0131 \u2018redde\u2019 (d\u00f6nme) iddias\u0131yla infaz edip k\u00f6y meydan\u0131nda te\u015fhir etti.<\/p>\n<p>Yerel kaynaklar I\u015e\u0130D \u00e7etelerinin ayn\u0131 zamanda yine Deyrezzor k\u0131rsal\u0131n\u0131n muhtelif b\u00f6lgelerinde benzer \u015fekilde 4 vatanda\u015f\u0131 daha infaz ederek cesetlerini te\u015fhir ettiklerini aktard\u0131.<\/p>\n<div id='gallery-1' class='gallery galleryid-20789 gallery-columns-3 gallery-size-thumbnail'><figure class='gallery-item'>\n\t\t\t<div class='gallery-icon portrait'>\n\t\t\t\t<a href='https:\/\/archive.sana.sy\/tr\/wp-content\/uploads\/2015\/01\/Deyrezzor3.jpg'><img loading=\"lazy\" decoding=\"async\" width=\"117\" height=\"150\" src=\"https:\/\/archive.sana.sy\/tr\/wp-content\/uploads\/2015\/01\/Deyrezzor3-117x150.jpg\" class=\"attachment-thumbnail size-thumbnail\" alt=\"\" srcset=\"https:\/\/archive.sana.sy\/tr\/wp-content\/uploads\/2015\/01\/Deyrezzor3-117x150.jpg 117w, https:\/\/archive.sana.sy\/tr\/wp-content\/uploads\/2015\/01\/Deyrezzor3-234x300.jpg 234w, https:\/\/archive.sana.sy\/tr\/wp-content\/uploads\/2015\/01\/Deyrezzor3-800x1024.jpg 800w\" sizes=\"auto, (max-width: 117px) 100vw, 117px\" \/><\/a>\n\t\t\t<\/div><\/figure><figure class='gallery-item'>\n\t\t\t<div class='gallery-icon portrait'>\n\t\t\t\t<a href='https:\/\/archive.sana.sy\/tr\/wp-content\/uploads\/2015\/01\/Deyrezzor-21.jpg'><img loading=\"lazy\" decoding=\"async\" width=\"90\" height=\"150\" src=\"https:\/\/archive.sana.sy\/tr\/wp-content\/uploads\/2015\/01\/Deyrezzor-21-90x150.jpg\" class=\"attachment-thumbnail size-thumbnail\" alt=\"\" srcset=\"https:\/\/archive.sana.sy\/tr\/wp-content\/uploads\/2015\/01\/Deyrezzor-21-90x150.jpg 90w, https:\/\/archive.sana.sy\/tr\/wp-content\/uploads\/2015\/01\/Deyrezzor-21-180x300.jpg 180w, https:\/\/archive.sana.sy\/tr\/wp-content\/uploads\/2015\/01\/Deyrezzor-21.jpg 577w\" sizes=\"auto, (max-width: 90px) 100vw, 90px\" \/><\/a>\n\t\t\t<\/div><\/figure><figure class='gallery-item'>\n\t\t\t<div class='gallery-icon portrait'>\n\t\t\t\t<a href='https:\/\/archive.sana.sy\/tr\/wp-content\/uploads\/2015\/01\/Deyrezzor-41.jpg'><img loading=\"lazy\" decoding=\"async\" width=\"113\" height=\"150\" src=\"https:\/\/archive.sana.sy\/tr\/wp-content\/uploads\/2015\/01\/Deyrezzor-41-113x150.jpg\" class=\"attachment-thumbnail size-thumbnail\" alt=\"\" srcset=\"https:\/\/archive.sana.sy\/tr\/wp-content\/uploads\/2015\/01\/Deyrezzor-41-113x150.jpg 113w, https:\/\/archive.sana.sy\/tr\/wp-content\/uploads\/2015\/01\/Deyrezzor-41-225x300.jpg 225w, https:\/\/archive.sana.sy\/tr\/wp-content\/uploads\/2015\/01\/Deyrezzor-41-768x1024.jpg 768w\" sizes=\"auto, (max-width: 113px) 100vw, 113px\" \/><\/a>\n\t\t\t<\/div><\/figure>\n\t\t<\/div>\n\n<p>&nbsp;<\/p>\n","protected":false},"excerpt":{"rendered":"<p>DEYREZZOR \u2013 I\u015e\u0130D ter\u00f6r \u00f6rg\u00fct\u00fc kara siciline kiral\u0131klar\u0131n\u0131n yay\u0131ld\u0131\u011f\u0131 b\u00f6lge ahalileri hakk\u0131nda yeni ve korkun\u00e7 bir katliam daha ekledi. I\u015e\u0130D ter\u00f6r \u00f6rg\u00fct\u00fc d\u00fcn Deyrezzor \u0130linin\u00a0do\u011fu k\u0131rsal\u0131ndaki Meyadin Kentinde 3 vatanda\u015f\u0131 \u00f6ld\u00fcrerek cesetlerini tenkil etti. Yerel kaynaklar SANA muhabirine a\u00e7\u0131klamalar\u0131nda, ter\u00f6r \u00f6rg\u00fct\u00fc elemanlar\u0131n\u0131n As&#8217;ad Muhammed el Assaf, Muhammed Yasin el Hamad adl\u0131 vatanda\u015flar\u0131 &#8216;ter\u00f6r \u00f6rg\u00fct\u00fcne kar\u015f\u0131 &hellip;<\/p>\n","protected":false},"author":1,"featured_media":20943,"comment_status":"closed","ping_status":"closed","sticky":false,"template":"","format":"standard","meta":{"footnotes":""},"categories":[479,575,478],"tags":[10080],"class_list":["post-20789","post","type-post","status-publish","format-standard","has-post-thumbnail","","category-haberler-yerel","category-olaylar-ve-gercekler","category-yerel","tag-isid-teror-orgutu-meyadin-ilinde-3-vatandasi-oldurerek-cesetlerini-tenkil-etti"],"_links":{"self":[{"href":"https:\/\/archive.sana.sy\/tr\/index.php?rest_route=\/wp\/v2\/posts\/20789","targetHints":{"allow":["GET"]}}],"collection":[{"href":"https:\/\/archive.sana.sy\/tr\/index.php?rest_route=\/wp\/v2\/posts"}],"about":[{"href":"https:\/\/archive.sana.sy\/tr\/index.php?rest_route=\/wp\/v2\/types\/post"}],"author":[{"embeddable":true,"href":"https:\/\/archive.sana.sy\/tr\/index.php?rest_route=\/wp\/v2\/users\/1"}],"replies":[{"embeddable":true,"href":"https:\/\/archive.sana.sy\/tr\/index.php?rest_route=%2Fwp%2Fv2%2Fcomments&post=20789"}],"version-history":[{"count":0,"href":"https:\/\/archive.sana.sy\/tr\/index.php?rest_route=\/wp\/v2\/posts\/20789\/revisions"}],"wp:featuredmedia":[{"embeddable":true,"href":"https:\/\/archive.sana.sy\/tr\/index.php?rest_route=\/wp\/v2\/media\/20943"}],"wp:attachment":[{"href":"https:\/\/archive.sana.sy\/tr\/index.php?rest_route=%2Fwp%2Fv2%2Fmedia&parent=20789"}],"wp:term":[{"taxonomy":"category","embeddable":true,"href":"https:\/\/archive.sana.sy\/tr\/index.php?rest_route=%2Fwp%2Fv2%2Fcategories&post=20789"},{"taxonomy":"post_tag","embeddable":true,"href":"https:\/\/archive.sana.sy\/tr\/index.php?rest_route=%2Fwp%2Fv2%2Ftags&post=20789"}],"curies":[{"name":"wp","href":"https:\/\/api.w.org\/{rel}","templated":true}]}}