{"id":207966,"date":"2020-04-27T11:11:53","date_gmt":"2020-04-27T08:11:53","guid":{"rendered":"http:\/\/www.sana.sy\/tr\/?p=207966"},"modified":"2020-04-29T08:29:15","modified_gmt":"2020-04-29T05:29:15","slug":"hava-savunma-sistemlerimiz-lubnan-topraklari-uzerinden-yapilan-israilli-saldiriya-karsi-koydu-cogu-fuzeleri-dusurdu-video","status":"publish","type":"post","link":"https:\/\/archive.sana.sy\/tr\/?p=207966","title":{"rendered":"Savunmam\u0131z L\u00fcbnan Topraklar\u0131 \u00dczerinden \u0130srailli Sald\u0131r\u0131ya Kar\u015f\u0131 Koydu \u00c7o\u011fu F\u00fczeleri D\u00fc\u015f\u00fcrd\u00fc"},"content":{"rendered":"<p style=\"text-align: justify;\">\u015eAM &#8211;\u00a0 Askeri Kaynak, bug\u00fcn sabah saatlerinde L\u00fcbnan topraklar\u0131 \u00fczerinden f\u00fczelerle \u0130srail sald\u0131r\u0131s\u0131 sonucunda \u015eam g\u00fcney k\u0131rsal\u0131ndaki el Hucceyra ve el Adiliyye beldelerinde 3 vatanda\u015f\u0131n \u015fehit d\u00fc\u015ft\u00fc\u011f\u00fcn\u00fc, aralar\u0131nda 6 ya\u015f\u0131nda bir \u00e7ocu\u011fun bulundu\u011fu 3 vatanda\u015f\u0131n da yaraland\u0131\u011f\u0131n\u0131 ilan etti.<\/p>\n<p style=\"text-align: justify;\">Kaynak SANA muhabirine a\u00e7\u0131klamas\u0131nda, 27 Nisan 2020 sabah\u0131nda \u0130srail sald\u0131r\u0131s\u0131n\u0131n sonu\u00e7lar\u0131n\u0131n izlenmesi ard\u0131ndan d\u00fc\u015fman baz\u0131 f\u00fcze par\u00e7alar\u0131n\u0131n el Hucceyra ve el Adiliyye beldelerinde d\u00fc\u015fmesi sonucunda 3 vatanda\u015f\u0131n \u015fehit d\u00fc\u015ft\u00fc\u011f\u00fcn\u00fc, aralar\u0131nda 6 ya\u015f\u0131nda bir \u00e7ocu\u011fun bulundu\u011fu di\u011fer 3 vatanda\u015f\u0131n da yaraland\u0131\u011f\u0131n\u0131 s\u00f6yledi.<\/p>\n<p style=\"text-align: justify;\">Askeri kaynak daha \u00f6nce de, \u0130srail sava\u015f u\u00e7aklar\u0131n\u0131n saat 04:55&#8217;te L\u00fcbnan&#8217;\u0131n g\u00fcneyinden Suriye topraklar\u0131 y\u00f6n\u00fcne do\u011fru bir dizi f\u00fcze f\u0131rlatt\u0131\u011f\u0131n\u0131, hava savunma sistemlerimizin\u00a0 dehal cevap vererek \u00e7o\u011funu d\u00fc\u015f\u00fcrd\u00fc\u011f\u00fcn\u00fc ilan etmi\u015fti.<\/p>\n<p>\u00c7eviri: M.Y. ve S.\u015e.<\/p>\n<p style=\"text-align: justify;\"><iframe loading=\"lazy\" src=\"https:\/\/www.youtube.com\/embed\/sq5WD2kfshY\" width=\"620\" height=\"348\" frameborder=\"0\" allowfullscreen=\"allowfullscreen\"><\/iframe><br \/>\n<iframe loading=\"lazy\" src=\"https:\/\/www.youtube.com\/embed\/rJhi366KIE8\" width=\"620\" height=\"348\" frameborder=\"0\" allowfullscreen=\"allowfullscreen\"><\/iframe><\/p>\n<div id='gallery-1' class='gallery galleryid-207966 gallery-columns-1 gallery-size-full'><figure class='gallery-item'>\n\t\t\t<div class='gallery-icon landscape'>\n\t\t\t\t<a href='https:\/\/archive.sana.sy\/tr\/wp-content\/uploads\/2020\/04\/Sequence-01.00_00_02_10.Still002-scaled-1.jpg'><img loading=\"lazy\" decoding=\"async\" width=\"2560\" height=\"1920\" src=\"https:\/\/archive.sana.sy\/tr\/wp-content\/uploads\/2020\/04\/Sequence-01.00_00_02_10.Still002-scaled-1.jpg\" class=\"attachment-full size-full\" alt=\"\" srcset=\"https:\/\/archive.sana.sy\/tr\/wp-content\/uploads\/2020\/04\/Sequence-01.00_00_02_10.Still002-scaled-1.jpg 2560w, https:\/\/archive.sana.sy\/tr\/wp-content\/uploads\/2020\/04\/Sequence-01.00_00_02_10.Still002-scaled-1-300x225.jpg 300w, https:\/\/archive.sana.sy\/tr\/wp-content\/uploads\/2020\/04\/Sequence-01.00_00_02_10.Still002-scaled-1-1024x768.jpg 1024w, https:\/\/archive.sana.sy\/tr\/wp-content\/uploads\/2020\/04\/Sequence-01.00_00_02_10.Still002-scaled-1-150x113.jpg 150w, https:\/\/archive.sana.sy\/tr\/wp-content\/uploads\/2020\/04\/Sequence-01.00_00_02_10.Still002-scaled-1-768x576.jpg 768w, https:\/\/archive.sana.sy\/tr\/wp-content\/uploads\/2020\/04\/Sequence-01.00_00_02_10.Still002-scaled-1-1536x1152.jpg 1536w, https:\/\/archive.sana.sy\/tr\/wp-content\/uploads\/2020\/04\/Sequence-01.00_00_02_10.Still002-scaled-1-2048x1536.jpg 2048w\" sizes=\"auto, (max-width: 2560px) 100vw, 2560px\" \/><\/a>\n\t\t\t<\/div><\/figure><figure class='gallery-item'>\n\t\t\t<div class='gallery-icon landscape'>\n\t\t\t\t<a href='https:\/\/archive.sana.sy\/tr\/wp-content\/uploads\/2020\/04\/Sequence-01.00_00_07_11.Still004-1-scaled-1.jpg'><img loading=\"lazy\" decoding=\"async\" width=\"2560\" height=\"1920\" src=\"https:\/\/archive.sana.sy\/tr\/wp-content\/uploads\/2020\/04\/Sequence-01.00_00_07_11.Still004-1-scaled-1.jpg\" class=\"attachment-full size-full\" alt=\"\" srcset=\"https:\/\/archive.sana.sy\/tr\/wp-content\/uploads\/2020\/04\/Sequence-01.00_00_07_11.Still004-1-scaled-1.jpg 2560w, https:\/\/archive.sana.sy\/tr\/wp-content\/uploads\/2020\/04\/Sequence-01.00_00_07_11.Still004-1-scaled-1-300x225.jpg 300w, https:\/\/archive.sana.sy\/tr\/wp-content\/uploads\/2020\/04\/Sequence-01.00_00_07_11.Still004-1-scaled-1-1024x768.jpg 1024w, https:\/\/archive.sana.sy\/tr\/wp-content\/uploads\/2020\/04\/Sequence-01.00_00_07_11.Still004-1-scaled-1-150x113.jpg 150w, https:\/\/archive.sana.sy\/tr\/wp-content\/uploads\/2020\/04\/Sequence-01.00_00_07_11.Still004-1-scaled-1-768x576.jpg 768w, https:\/\/archive.sana.sy\/tr\/wp-content\/uploads\/2020\/04\/Sequence-01.00_00_07_11.Still004-1-scaled-1-1536x1152.jpg 1536w, https:\/\/archive.sana.sy\/tr\/wp-content\/uploads\/2020\/04\/Sequence-01.00_00_07_11.Still004-1-scaled-1-2048x1536.jpg 2048w\" sizes=\"auto, (max-width: 2560px) 100vw, 2560px\" \/><\/a>\n\t\t\t<\/div><\/figure><figure class='gallery-item'>\n\t\t\t<div class='gallery-icon landscape'>\n\t\t\t\t<a href='https:\/\/archive.sana.sy\/tr\/wp-content\/uploads\/2020\/04\/Sequence-01.00_00_17_08.Still005-scaled-1.jpg'><img loading=\"lazy\" decoding=\"async\" width=\"2560\" height=\"1920\" src=\"https:\/\/archive.sana.sy\/tr\/wp-content\/uploads\/2020\/04\/Sequence-01.00_00_17_08.Still005-scaled-1.jpg\" class=\"attachment-full size-full\" alt=\"\" srcset=\"https:\/\/archive.sana.sy\/tr\/wp-content\/uploads\/2020\/04\/Sequence-01.00_00_17_08.Still005-scaled-1.jpg 2560w, https:\/\/archive.sana.sy\/tr\/wp-content\/uploads\/2020\/04\/Sequence-01.00_00_17_08.Still005-scaled-1-300x225.jpg 300w, https:\/\/archive.sana.sy\/tr\/wp-content\/uploads\/2020\/04\/Sequence-01.00_00_17_08.Still005-scaled-1-1024x768.jpg 1024w, https:\/\/archive.sana.sy\/tr\/wp-content\/uploads\/2020\/04\/Sequence-01.00_00_17_08.Still005-scaled-1-150x113.jpg 150w, https:\/\/archive.sana.sy\/tr\/wp-content\/uploads\/2020\/04\/Sequence-01.00_00_17_08.Still005-scaled-1-768x576.jpg 768w, https:\/\/archive.sana.sy\/tr\/wp-content\/uploads\/2020\/04\/Sequence-01.00_00_17_08.Still005-scaled-1-1536x1152.jpg 1536w, https:\/\/archive.sana.sy\/tr\/wp-content\/uploads\/2020\/04\/Sequence-01.00_00_17_08.Still005-scaled-1-2048x1536.jpg 2048w\" sizes=\"auto, (max-width: 2560px) 100vw, 2560px\" \/><\/a>\n\t\t\t<\/div><\/figure>\n\t\t<\/div>\n\n","protected":false},"excerpt":{"rendered":"<p>\u015eAM &#8211;\u00a0 Askeri Kaynak, bug\u00fcn sabah saatlerinde L\u00fcbnan topraklar\u0131 \u00fczerinden f\u00fczelerle \u0130srail sald\u0131r\u0131s\u0131 sonucunda \u015eam g\u00fcney k\u0131rsal\u0131ndaki el Hucceyra ve el Adiliyye beldelerinde 3 vatanda\u015f\u0131n \u015fehit d\u00fc\u015ft\u00fc\u011f\u00fcn\u00fc, aralar\u0131nda 6 ya\u015f\u0131nda bir \u00e7ocu\u011fun bulundu\u011fu 3 vatanda\u015f\u0131n da yaraland\u0131\u011f\u0131n\u0131 ilan etti. Kaynak SANA muhabirine a\u00e7\u0131klamas\u0131nda, 27 Nisan 2020 sabah\u0131nda \u0130srail sald\u0131r\u0131s\u0131n\u0131n sonu\u00e7lar\u0131n\u0131n izlenmesi ard\u0131ndan d\u00fc\u015fman baz\u0131 f\u00fcze &hellip;<\/p>\n","protected":false},"author":36,"featured_media":207970,"comment_status":"closed","ping_status":"closed","sticky":false,"template":"","format":"standard","meta":{"footnotes":""},"categories":[596,479,575,17988,478],"tags":[],"class_list":["post-207966","post","type-post","status-publish","format-standard","has-post-thumbnail","","category-fotografli-raporlar","category-haberler-yerel","category-olaylar-ve-gercekler","category-son-haberler","category-yerel"],"_links":{"self":[{"href":"https:\/\/archive.sana.sy\/tr\/index.php?rest_route=\/wp\/v2\/posts\/207966","targetHints":{"allow":["GET"]}}],"collection":[{"href":"https:\/\/archive.sana.sy\/tr\/index.php?rest_route=\/wp\/v2\/posts"}],"about":[{"href":"https:\/\/archive.sana.sy\/tr\/index.php?rest_route=\/wp\/v2\/types\/post"}],"author":[{"embeddable":true,"href":"https:\/\/archive.sana.sy\/tr\/index.php?rest_route=\/wp\/v2\/users\/36"}],"replies":[{"embeddable":true,"href":"https:\/\/archive.sana.sy\/tr\/index.php?rest_route=%2Fwp%2Fv2%2Fcomments&post=207966"}],"version-history":[{"count":0,"href":"https:\/\/archive.sana.sy\/tr\/index.php?rest_route=\/wp\/v2\/posts\/207966\/revisions"}],"wp:featuredmedia":[{"embeddable":true,"href":"https:\/\/archive.sana.sy\/tr\/index.php?rest_route=\/wp\/v2\/media\/207970"}],"wp:attachment":[{"href":"https:\/\/archive.sana.sy\/tr\/index.php?rest_route=%2Fwp%2Fv2%2Fmedia&parent=207966"}],"wp:term":[{"taxonomy":"category","embeddable":true,"href":"https:\/\/archive.sana.sy\/tr\/index.php?rest_route=%2Fwp%2Fv2%2Fcategories&post=207966"},{"taxonomy":"post_tag","embeddable":true,"href":"https:\/\/archive.sana.sy\/tr\/index.php?rest_route=%2Fwp%2Fv2%2Ftags&post=207966"}],"curies":[{"name":"wp","href":"https:\/\/api.w.org\/{rel}","templated":true}]}}