{"id":207981,"date":"2020-04-27T11:38:33","date_gmt":"2020-04-27T08:38:33","guid":{"rendered":"http:\/\/www.sana.sy\/tr\/?p=207981"},"modified":"2020-04-27T11:38:33","modified_gmt":"2020-04-27T08:38:33","slug":"askeri-kaynak-27-nisan-2020-sabahinda-israil-saldirisinin-sonuclarinin-izlenmesi-ardindan-dusman-bazi-fuze-parcalarinin-el-hucceyra-ve-el-adiliyye-beldelerinde-dusmesi-sonucunda-3-vatandas-sehit-dust","status":"publish","type":"post","link":"https:\/\/archive.sana.sy\/tr\/?p=207981","title":{"rendered":"Askeri Kaynak: 27 Nisan 2020 sabah\u0131nda \u0130srail sald\u0131r\u0131s\u0131n\u0131n sonu\u00e7lar\u0131n\u0131n izlenmesi ard\u0131ndan d\u00fc\u015fman baz\u0131 f\u00fcze par\u00e7alar\u0131n\u0131n el Hucceyra ve el Adiliyye beldelerinde d\u00fc\u015fmesi sonucunda 3 vatanda\u015f \u015fehit d\u00fc\u015ft\u00fc, aralar\u0131nda 6 ya\u015f\u0131nda bir \u00e7ocu\u011fun bulundu\u011fu 3 vatanda\u015f da yaraland\u0131."},"content":{"rendered":"<p>Askeri Kaynak: 27 Nisan 2020 sabah\u0131nda \u0130srail sald\u0131r\u0131s\u0131n\u0131n sonu\u00e7lar\u0131n\u0131n izlenmesi ard\u0131ndan d\u00fc\u015fman baz\u0131 f\u00fcze par\u00e7alar\u0131n\u0131n el Hucceyra ve el Adiliyye beldelerinde d\u00fc\u015fmesi sonucunda 3 vatanda\u015f \u015fehit d\u00fc\u015ft\u00fc, aralar\u0131nda 6 ya\u015f\u0131nda bir \u00e7ocu\u011fun bulundu\u011fu 3 vatanda\u015f da yaraland\u0131.<\/p>\n","protected":false},"excerpt":{"rendered":"<p>Askeri Kaynak: 27 Nisan 2020 sabah\u0131nda \u0130srail sald\u0131r\u0131s\u0131n\u0131n sonu\u00e7lar\u0131n\u0131n izlenmesi ard\u0131ndan d\u00fc\u015fman baz\u0131 f\u00fcze par\u00e7alar\u0131n\u0131n el Hucceyra ve el Adiliyye beldelerinde d\u00fc\u015fmesi sonucunda 3 vatanda\u015f \u015fehit d\u00fc\u015ft\u00fc, aralar\u0131nda 6 ya\u015f\u0131nda bir \u00e7ocu\u011fun bulundu\u011fu 3 vatanda\u015f da yaraland\u0131.<\/p>\n","protected":false},"author":36,"featured_media":0,"comment_status":"closed","ping_status":"closed","sticky":false,"template":"","format":"standard","meta":{"footnotes":""},"categories":[17991],"tags":[],"class_list":["post-207981","post","type-post","status-publish","format-standard","","category-son-dakika"],"_links":{"self":[{"href":"https:\/\/archive.sana.sy\/tr\/index.php?rest_route=\/wp\/v2\/posts\/207981","targetHints":{"allow":["GET"]}}],"collection":[{"href":"https:\/\/archive.sana.sy\/tr\/index.php?rest_route=\/wp\/v2\/posts"}],"about":[{"href":"https:\/\/archive.sana.sy\/tr\/index.php?rest_route=\/wp\/v2\/types\/post"}],"author":[{"embeddable":true,"href":"https:\/\/archive.sana.sy\/tr\/index.php?rest_route=\/wp\/v2\/users\/36"}],"replies":[{"embeddable":true,"href":"https:\/\/archive.sana.sy\/tr\/index.php?rest_route=%2Fwp%2Fv2%2Fcomments&post=207981"}],"version-history":[{"count":0,"href":"https:\/\/archive.sana.sy\/tr\/index.php?rest_route=\/wp\/v2\/posts\/207981\/revisions"}],"wp:attachment":[{"href":"https:\/\/archive.sana.sy\/tr\/index.php?rest_route=%2Fwp%2Fv2%2Fmedia&parent=207981"}],"wp:term":[{"taxonomy":"category","embeddable":true,"href":"https:\/\/archive.sana.sy\/tr\/index.php?rest_route=%2Fwp%2Fv2%2Fcategories&post=207981"},{"taxonomy":"post_tag","embeddable":true,"href":"https:\/\/archive.sana.sy\/tr\/index.php?rest_route=%2Fwp%2Fv2%2Ftags&post=207981"}],"curies":[{"name":"wp","href":"https:\/\/api.w.org\/{rel}","templated":true}]}}