{"id":208021,"date":"2020-04-28T22:49:03","date_gmt":"2020-04-28T19:49:03","guid":{"rendered":"http:\/\/www.sana.sy\/tr\/?p=208021"},"modified":"2020-04-29T12:28:57","modified_gmt":"2020-04-29T09:28:57","slug":"temel-ve-lise-ogretimi-son-siniflarin-diploma-sinavlari-21-haziranda-tamamlayici-sinavlar-ise-iptal-edildi","status":"publish","type":"post","link":"https:\/\/archive.sana.sy\/tr\/?p=208021","title":{"rendered":"Temel ve Lise \u00d6\u011fretimi Son S\u0131n\u0131flar\u0131n Diploma S\u0131navlar\u0131 21 Haziran&#8217;da Tamamlay\u0131c\u0131 S\u0131navlar \u0130se \u0130ptal Edildi"},"content":{"rendered":"<p>\u015eAM \u2013 Korona salg\u0131n\u0131na kar\u015f\u0131 koyma icraatlar\u0131yla ilgili h\u00fckumet ekibi, vir\u00fcs\u00fcn b\u00f6lgesel ve uluslararas\u0131 yay\u0131l\u0131m\u0131n\u0131n ger\u00e7ekli\u011fini ve k\u00fcresel olarak artan enfeksiyon ve \u00f6l\u00fcm e\u011frisini inceledi, Ak\u015fam 07: 30&#8217;dan sabah 6&#8217;ya kadar gece soka\u011fa \u00e7\u0131kma yasa\u011f\u0131n\u0131n uygulanmas\u0131na devam etme, iller aras\u0131nda uygulanan yasa\u011f\u0131n devam etmesi, kamu ta\u015f\u0131mac\u0131l\u0131\u011f\u0131n\u0131n durdurulmas\u0131, sinema, k\u00fclt\u00fcr merkezleri, tiyatro ve spor kul\u00fcplerinin s\u00fcrekli kapanmas\u0131yla vir\u00fcs\u00fc k\u00fcresel olarak yayan en \u00f6nemli fakt\u00f6rlerden biri olan sosyal olaylar\u0131n s\u0131k\u0131 bir \u015fekilde \u00f6nlenmesinin s\u00fcrd\u00fcr\u00fclmesi karar\u0131 ald\u0131.<\/p>\n<p>Ba\u015fbakan \u0130mad Hamis ba\u015fkanl\u0131\u011f\u0131nda bug\u00fcn d\u00fczenlenen toplant\u0131da, \u00f6\u011frencilerin sa\u011fl\u0131k selameti a\u00e7\u0131s\u0131ndan h\u00fckumet ekibi gelecek 21 Haziran tarihini temel \u00f6\u011fretim ve Lise son s\u0131n\u0131f \u00f6\u011frencilerinin s\u0131navlar\u0131n\u0131n ba\u015flama tarihi olarak belirlerken s\u0131nav tarihini yendien d\u00fczenleyecek korona vir\u00fcsle ilgili de\u011fi\u015fikliklerin meydana \u00e7\u0131kmamas\u0131 halinde s\u0131nav\u0131n tek s\u0131nav ve tamamlay\u0131c\u0131 s\u0131nav\u0131n iptal edilmesini kararla\u015ft\u0131rd\u0131.<\/p>\n<p>Her ilde e\u011fitim ve sa\u011fl\u0131k m\u00fcd\u00fcrleri ile il emniyet m\u00fcd\u00fcrl\u00fc\u011f\u00fcnden bir temsliciyi i\u00e7eren, her sterilizasyon merkezinin herhangi bir materyal g\u00f6ndermeden \u00f6nce sterilize edilmesi, her muayeneden sonra periyodik olarak sterilize edilmesi \u015fart\u0131yla, aralar\u0131ndaki mesafe ve test merkezi say\u0131s\u0131n\u0131n art\u0131r\u0131lmas\u0131n\u0131 garantiye alacak \u015fekilde merkezi komitenin te\u015fkil edilmesi kanal\u0131yla s\u0131navlar\u0131n y\u00fcr\u00fct\u00fclmesi i\u00e7in e\u011fitim bakanl\u0131\u011f\u0131n\u0131n koydu\u011fu kriterler itimat edildi.<\/p>\n<p>H\u00fckumet ekibi k\u0131rsal b\u00f6lgeler ile iller aras\u0131nda i\u015f\u00e7ilerin ula\u015f\u0131m hareketini kolayla\u015ft\u0131racak \u015fekilde tek il i\u00e7erisinde dayat\u0131lan soka\u011fa \u00e7\u0131kma yasa\u011f\u0131n\u0131n kald\u0131r\u0131lmas\u0131n\u0131 kararla\u015ft\u0131rd\u0131.<\/p>\n<p>H\u00fckumet ekibi ayr\u0131ca 30 Nisan&#8217;dan ba\u015flamak \u00fczere Per\u015fembe, Cuma ve Cumartesi g\u00fcnlerini \u015fehirleraras\u0131 ula\u015f\u0131m\u0131 bir kereye mahsus olmak \u00fczere ahalinin bir ilden ba\u015fka bir ile gitmelerini kolayla\u015ft\u0131ran serbest ula\u015f\u0131m\u0131 kararla\u015ft\u0131rd\u0131.<\/p>\n<p>Malzeme ve \u00fcr\u00fcn ak\u0131\u015f\u0131n\u0131 art\u0131rmak ve pazarlar\u0131n hareketini kolayla\u015ft\u0131rmak i\u00e7in h\u00fck\u00fcmet ekibi, sa\u011fl\u0131k g\u00fcvenli\u011fi ve sterilizasyon materyallerinin ko\u015fullar\u0131na ba\u011fl\u0131 olarak t\u00fcm faaliyetlerin ve ma\u011fazalar\u0131n gereklili\u011fi ile sabahlar\u0131 sekizden ak\u015fam be\u015fe kadar her g\u00fcn, halk pazarlar\u0131 ve t\u00fcm etkinlikler, ticari ve end\u00fcstriyel ma\u011fazalar\u0131n a\u00e7\u0131lmas\u0131n\u0131 kabul etti.<\/p>\n<p>Di\u015fhekimli\u011fi klinikleri, Sa\u011fl\u0131k Bakanl\u0131\u011f\u0131 taraf\u0131ndan belirlenen standartlara ve ko\u015fullara ve denet\u00e7ilerin mevcudiyetinin d\u00fczenlenmesi ve herhangi bir kalabal\u0131kla\u015fmamas\u0131n\u0131n sa\u011flanmas\u0131 gere\u011fine ba\u011fl\u0131 kalarak, ak\u015fam saat be\u015fe kadar her g\u00fcn \u00e7al\u0131\u015fmaya devam etmesine izin verildi.<\/p>\n<p>Turizm, Sa\u011fl\u0131k, Yerel ve \u0130\u00e7 \u0130dare bakanl\u0131klar\u0131, yakla\u015fan Ramazan bayram\u0131ndan sonra turistik tesislerde yeniden hizmet sa\u011flamak i\u00e7in a\u00e7\u0131k sa\u011fl\u0131k standartlar\u0131 belirlemekle g\u00f6revlendirildi.<\/p>\n<p>H\u00fck\u00fcmet ekibi, yerel ve i\u00e7 idare ve sa\u011fl\u0131k bakanl\u0131klar\u0131ndan, kamu ve \u00f6zel sekt\u00f6rdeki t\u00fcm ticari faaliyetleri, meslekleri ve hizmetleri, illerde sa\u011fl\u0131k g\u00fcvenli\u011fi ko\u015fullar\u0131n\u0131 uygulamalar\u0131n\u0131 ve ihlal eden faaliyetleri kapatmalar\u0131n\u0131 kesinlikle zorunlu k\u0131lmalar\u0131n\u0131 istedi.<\/p>\n","protected":false},"excerpt":{"rendered":"<p>\u015eAM \u2013 Korona salg\u0131n\u0131na kar\u015f\u0131 koyma icraatlar\u0131yla ilgili h\u00fckumet ekibi, vir\u00fcs\u00fcn b\u00f6lgesel ve uluslararas\u0131 yay\u0131l\u0131m\u0131n\u0131n ger\u00e7ekli\u011fini ve k\u00fcresel olarak artan enfeksiyon ve \u00f6l\u00fcm e\u011frisini inceledi, Ak\u015fam 07: 30&#8217;dan sabah 6&#8217;ya kadar gece soka\u011fa \u00e7\u0131kma yasa\u011f\u0131n\u0131n uygulanmas\u0131na devam etme, iller aras\u0131nda uygulanan yasa\u011f\u0131n devam etmesi, kamu ta\u015f\u0131mac\u0131l\u0131\u011f\u0131n\u0131n durdurulmas\u0131, sinema, k\u00fclt\u00fcr merkezleri, tiyatro ve spor kul\u00fcplerinin s\u00fcrekli &hellip;<\/p>\n","protected":false},"author":1,"featured_media":208022,"comment_status":"closed","ping_status":"closed","sticky":false,"template":"","format":"standard","meta":{"footnotes":""},"categories":[479,17988,478],"tags":[],"class_list":["post-208021","post","type-post","status-publish","format-standard","has-post-thumbnail","","category-haberler-yerel","category-son-haberler","category-yerel"],"_links":{"self":[{"href":"https:\/\/archive.sana.sy\/tr\/index.php?rest_route=\/wp\/v2\/posts\/208021","targetHints":{"allow":["GET"]}}],"collection":[{"href":"https:\/\/archive.sana.sy\/tr\/index.php?rest_route=\/wp\/v2\/posts"}],"about":[{"href":"https:\/\/archive.sana.sy\/tr\/index.php?rest_route=\/wp\/v2\/types\/post"}],"author":[{"embeddable":true,"href":"https:\/\/archive.sana.sy\/tr\/index.php?rest_route=\/wp\/v2\/users\/1"}],"replies":[{"embeddable":true,"href":"https:\/\/archive.sana.sy\/tr\/index.php?rest_route=%2Fwp%2Fv2%2Fcomments&post=208021"}],"version-history":[{"count":0,"href":"https:\/\/archive.sana.sy\/tr\/index.php?rest_route=\/wp\/v2\/posts\/208021\/revisions"}],"wp:featuredmedia":[{"embeddable":true,"href":"https:\/\/archive.sana.sy\/tr\/index.php?rest_route=\/wp\/v2\/media\/208022"}],"wp:attachment":[{"href":"https:\/\/archive.sana.sy\/tr\/index.php?rest_route=%2Fwp%2Fv2%2Fmedia&parent=208021"}],"wp:term":[{"taxonomy":"category","embeddable":true,"href":"https:\/\/archive.sana.sy\/tr\/index.php?rest_route=%2Fwp%2Fv2%2Fcategories&post=208021"},{"taxonomy":"post_tag","embeddable":true,"href":"https:\/\/archive.sana.sy\/tr\/index.php?rest_route=%2Fwp%2Fv2%2Ftags&post=208021"}],"curies":[{"name":"wp","href":"https:\/\/api.w.org\/{rel}","templated":true}]}}