{"id":208028,"date":"2020-04-28T23:56:46","date_gmt":"2020-04-28T20:56:46","guid":{"rendered":"http:\/\/www.sana.sy\/tr\/?p=208028"},"modified":"2020-05-01T10:34:10","modified_gmt":"2020-05-01T07:34:10","slug":"sb-suriyede-korona-virus-vakalarindan-ikisi-daha-iyilesti","status":"publish","type":"post","link":"https:\/\/archive.sana.sy\/tr\/?p=208028","title":{"rendered":"SB: Suriye\u2019de Korona Vir\u00fcs Vakalar\u0131ndan \u0130kisi Daha \u0130yile\u015fti"},"content":{"rendered":"<p>Sa\u011fl\u0131k Bakanl\u0131\u011f\u0131, bug\u00fcn Suriye\u2019de korona vir\u00fcs tescil edilen vakalardan 2\u2019sinin iyile\u015fti\u011fini b\u00f6ylece iyle\u015fen vaka say\u0131s\u0131n\u0131n 21\u2019e y\u00fckseldi\u011fini ilan etti.<\/p>\n<p>Bakanl\u0131k yay\u0131nlad\u0131\u011f\u0131 beyanda, Suriye\u2019de korona vir\u00fcsl\u00fc tescil edilen vaka say\u0131s\u0131n\u0131n \u015fu ana kadar 43 oldu\u011funu bunlardan 21\u2019inin iyile\u015fti\u011fini 3\u2019\u00fcn\u00fcn de vefat etti\u011fine dikkat \u00e7ekti.<\/p>\n<p>Bakanl\u0131k d\u00fcn yay\u0131nlad\u0131\u011f\u0131 beyan\u0131nda tescil edilen vakalardan 5\u2019inin \u015fifa buldu\u011funu ilan etmi\u015fti.<\/p>\n","protected":false},"excerpt":{"rendered":"<p>Sa\u011fl\u0131k Bakanl\u0131\u011f\u0131, bug\u00fcn Suriye\u2019de korona vir\u00fcs tescil edilen vakalardan 2\u2019sinin iyile\u015fti\u011fini b\u00f6ylece iyle\u015fen vaka say\u0131s\u0131n\u0131n 21\u2019e y\u00fckseldi\u011fini ilan etti. Bakanl\u0131k yay\u0131nlad\u0131\u011f\u0131 beyanda, Suriye\u2019de korona vir\u00fcsl\u00fc tescil edilen vaka say\u0131s\u0131n\u0131n \u015fu ana kadar 43 oldu\u011funu bunlardan 21\u2019inin iyile\u015fti\u011fini 3\u2019\u00fcn\u00fcn de vefat etti\u011fine dikkat \u00e7ekti. Bakanl\u0131k d\u00fcn yay\u0131nlad\u0131\u011f\u0131 beyan\u0131nda tescil edilen vakalardan 5\u2019inin \u015fifa buldu\u011funu ilan etmi\u015fti.<\/p>\n","protected":false},"author":1,"featured_media":208029,"comment_status":"closed","ping_status":"closed","sticky":false,"template":"","format":"standard","meta":{"footnotes":""},"categories":[541,479,538,478],"tags":[],"class_list":["post-208028","post","type-post","status-publish","format-standard","has-post-thumbnail","","category-haberler","category-haberler-yerel","category-yasam","category-yerel"],"_links":{"self":[{"href":"https:\/\/archive.sana.sy\/tr\/index.php?rest_route=\/wp\/v2\/posts\/208028","targetHints":{"allow":["GET"]}}],"collection":[{"href":"https:\/\/archive.sana.sy\/tr\/index.php?rest_route=\/wp\/v2\/posts"}],"about":[{"href":"https:\/\/archive.sana.sy\/tr\/index.php?rest_route=\/wp\/v2\/types\/post"}],"author":[{"embeddable":true,"href":"https:\/\/archive.sana.sy\/tr\/index.php?rest_route=\/wp\/v2\/users\/1"}],"replies":[{"embeddable":true,"href":"https:\/\/archive.sana.sy\/tr\/index.php?rest_route=%2Fwp%2Fv2%2Fcomments&post=208028"}],"version-history":[{"count":0,"href":"https:\/\/archive.sana.sy\/tr\/index.php?rest_route=\/wp\/v2\/posts\/208028\/revisions"}],"wp:featuredmedia":[{"embeddable":true,"href":"https:\/\/archive.sana.sy\/tr\/index.php?rest_route=\/wp\/v2\/media\/208029"}],"wp:attachment":[{"href":"https:\/\/archive.sana.sy\/tr\/index.php?rest_route=%2Fwp%2Fv2%2Fmedia&parent=208028"}],"wp:term":[{"taxonomy":"category","embeddable":true,"href":"https:\/\/archive.sana.sy\/tr\/index.php?rest_route=%2Fwp%2Fv2%2Fcategories&post=208028"},{"taxonomy":"post_tag","embeddable":true,"href":"https:\/\/archive.sana.sy\/tr\/index.php?rest_route=%2Fwp%2Fv2%2Ftags&post=208028"}],"curies":[{"name":"wp","href":"https:\/\/api.w.org\/{rel}","templated":true}]}}