{"id":208296,"date":"2020-05-02T10:37:33","date_gmt":"2020-05-02T07:37:33","guid":{"rendered":"http:\/\/www.sana.sy\/tr\/?p=208296"},"modified":"2020-05-03T08:30:06","modified_gmt":"2020-05-03T05:30:06","slug":"cerablusta-turk-rejimi-kiraliklari-arasindaki-catismalarda-olu-ve-yaralilar-var","status":"publish","type":"post","link":"https:\/\/archive.sana.sy\/tr\/?p=208296","title":{"rendered":"Cerablus&#8217;ta T\u00fcrk Rejimi Kiral\u0131klar\u0131 Aras\u0131ndaki \u00c7at\u0131\u015fmalarda \u00d6l\u00fc ve Yaral\u0131lar Var"},"content":{"rendered":"<p>HALEP \u2013 Halep k\u0131rsal\u0131n\u0131n kuzeydo\u011fusundaki Cerablus Kentinde, i\u015fgalci T\u00fcrk kuvvetleri taraf\u0131ndan desteklenen ter\u00f6r gruplar\u0131 aras\u0131ndaki \u00e7at\u0131\u015fmalar sonucunda bir ter\u00f6rist \u00f6ld\u00fc 3 ki\u015fi de yaraland\u0131.<\/p>\n<p>Yerel Kaynaklar, Halep k\u0131rsal\u0131n\u0131n kuzeydo\u011fusundaki Cerablus kentinde, i\u015fgalci T\u00fcrk kuvvetlerinin komutas\u0131 alt\u0131nda \u00e7al\u0131\u015fan s\u00f6zde &#8220;Ahrar el \u015eam&#8221; ve &#8220;Askeri Polis&#8221; ter\u00f6ristleri aras\u0131nda ba\u015flayan \u00e7at\u0131\u015fmalar sonucunda 1 ter\u00f6ristin \u00f6ld\u00fc\u011f\u00fcn\u00fc, 3 ter\u00f6ristin de yaraland\u0131\u011f\u0131n\u0131 belirtti.<\/p>\n<p>\u00c7eviri: M.Y. ve S.\u015e.<\/p>\n","protected":false},"excerpt":{"rendered":"<p>HALEP \u2013 Halep k\u0131rsal\u0131n\u0131n kuzeydo\u011fusundaki Cerablus Kentinde, i\u015fgalci T\u00fcrk kuvvetleri taraf\u0131ndan desteklenen ter\u00f6r gruplar\u0131 aras\u0131ndaki \u00e7at\u0131\u015fmalar sonucunda bir ter\u00f6rist \u00f6ld\u00fc 3 ki\u015fi de yaraland\u0131. Yerel Kaynaklar, Halep k\u0131rsal\u0131n\u0131n kuzeydo\u011fusundaki Cerablus kentinde, i\u015fgalci T\u00fcrk kuvvetlerinin komutas\u0131 alt\u0131nda \u00e7al\u0131\u015fan s\u00f6zde &#8220;Ahrar el \u015eam&#8221; ve &#8220;Askeri Polis&#8221; ter\u00f6ristleri aras\u0131nda ba\u015flayan \u00e7at\u0131\u015fmalar sonucunda 1 ter\u00f6ristin \u00f6ld\u00fc\u011f\u00fcn\u00fc, 3 ter\u00f6ristin de &hellip;<\/p>\n","protected":false},"author":36,"featured_media":208297,"comment_status":"closed","ping_status":"closed","sticky":false,"template":"","format":"standard","meta":{"footnotes":""},"categories":[479,575,17988,478],"tags":[],"class_list":["post-208296","post","type-post","status-publish","format-standard","has-post-thumbnail","","category-haberler-yerel","category-olaylar-ve-gercekler","category-son-haberler","category-yerel"],"_links":{"self":[{"href":"https:\/\/archive.sana.sy\/tr\/index.php?rest_route=\/wp\/v2\/posts\/208296","targetHints":{"allow":["GET"]}}],"collection":[{"href":"https:\/\/archive.sana.sy\/tr\/index.php?rest_route=\/wp\/v2\/posts"}],"about":[{"href":"https:\/\/archive.sana.sy\/tr\/index.php?rest_route=\/wp\/v2\/types\/post"}],"author":[{"embeddable":true,"href":"https:\/\/archive.sana.sy\/tr\/index.php?rest_route=\/wp\/v2\/users\/36"}],"replies":[{"embeddable":true,"href":"https:\/\/archive.sana.sy\/tr\/index.php?rest_route=%2Fwp%2Fv2%2Fcomments&post=208296"}],"version-history":[{"count":0,"href":"https:\/\/archive.sana.sy\/tr\/index.php?rest_route=\/wp\/v2\/posts\/208296\/revisions"}],"wp:featuredmedia":[{"embeddable":true,"href":"https:\/\/archive.sana.sy\/tr\/index.php?rest_route=\/wp\/v2\/media\/208297"}],"wp:attachment":[{"href":"https:\/\/archive.sana.sy\/tr\/index.php?rest_route=%2Fwp%2Fv2%2Fmedia&parent=208296"}],"wp:term":[{"taxonomy":"category","embeddable":true,"href":"https:\/\/archive.sana.sy\/tr\/index.php?rest_route=%2Fwp%2Fv2%2Fcategories&post=208296"},{"taxonomy":"post_tag","embeddable":true,"href":"https:\/\/archive.sana.sy\/tr\/index.php?rest_route=%2Fwp%2Fv2%2Ftags&post=208296"}],"curies":[{"name":"wp","href":"https:\/\/api.w.org\/{rel}","templated":true}]}}