{"id":208309,"date":"2020-05-03T00:04:22","date_gmt":"2020-05-02T21:04:22","guid":{"rendered":"http:\/\/www.sana.sy\/tr\/?p=208309"},"modified":"2020-05-04T08:27:54","modified_gmt":"2020-05-04T05:27:54","slug":"tel-abyadta-bir-mayini-patlamasiyla-turk-isgalin-parali-askerlerinin-bir-kaci-olu-ve-yarali-dustu","status":"publish","type":"post","link":"https:\/\/archive.sana.sy\/tr\/?p=208309","title":{"rendered":"Tel Abyad\u2019ta Bir May\u0131n\u0131 Patlamas\u0131yla T\u00fcrk \u0130\u015fgal\u0131n Paral\u0131 Askerlerinin Bir Ka\u00e7\u0131 \u00d6l\u00fc ve Yaral\u0131 D\u00fc\u015ft\u00fc"},"content":{"rendered":"<p>RAKKA &#8211; Rakka Kuzey K\u0131rsal\u0131\u2019n\u0131n Tel Abyad il\u00e7esinde s\u00f6zde \u2018\u2019 Ahrar El \u015eerkiye\u2019\u2019 ter\u00f6r \u00f6rg\u00fct\u00fcne ait bir ara\u00e7ta bir may\u0131n\u0131n patlamas\u0131 sonucunda T\u00fcrk i\u015fgal g\u00fc\u00e7lerinin paral\u0131 askerlerinden bir ka\u00e7\u0131 \u00f6l\u00fc ve yaral\u0131 d\u00fc\u015ft\u00fc.<\/p>\n<p>SANA\u2019ya a\u00e7\u0131klama yapan yerel kaynaklar, T\u00fcrk i\u015fgal g\u00fc\u00e7leri komutas\u0131nda faaliyet g\u00f6steren \u2018\u2019Ahrar El \u015eerkiye\u2019\u2019 ter\u00f6r \u00f6rg\u00fct\u00fcne ait bir arac\u0131n bir may\u0131n ile hedef al\u0131nd\u0131\u011f\u0131n\u0131 ifade etti. Kaynaklar, Sluk- Hamam El T\u00fcrkmen beldeleri ba\u011flayan ana yolda bir may\u0131n\u0131n infilak etti\u011fi, bunun sonucunda 3 ter\u00f6ristin \u00f6l\u00fc 2\u2019sinin de yaral\u0131 \u00a0d\u00fc\u015ft\u00fcr\u00fcn\u00fc belirtti.<\/p>\n<p>Kaynaklar, T\u00fcrk i\u015fgla g\u00fc\u00e7lerinin patlamadan sonra b\u00f6lgedeki ahali evlerine do\u011fru geli\u015fig\u00fczel \u015fekilde ate\u015f a\u00e7maya ba\u015flad\u0131klar\u0131n\u0131 ifade etti. \u0130ki beldeden \u00e7ok say\u0131da adam da tutuklad\u0131\u011f\u0131n\u0131 s\u00f6yledi.<\/p>\n<p>Kumeyt Yusuf<\/p>\n","protected":false},"excerpt":{"rendered":"<p>RAKKA &#8211; Rakka Kuzey K\u0131rsal\u0131\u2019n\u0131n Tel Abyad il\u00e7esinde s\u00f6zde \u2018\u2019 Ahrar El \u015eerkiye\u2019\u2019 ter\u00f6r \u00f6rg\u00fct\u00fcne ait bir ara\u00e7ta bir may\u0131n\u0131n patlamas\u0131 sonucunda T\u00fcrk i\u015fgal g\u00fc\u00e7lerinin paral\u0131 askerlerinden bir ka\u00e7\u0131 \u00f6l\u00fc ve yaral\u0131 d\u00fc\u015ft\u00fc. SANA\u2019ya a\u00e7\u0131klama yapan yerel kaynaklar, T\u00fcrk i\u015fgal g\u00fc\u00e7leri komutas\u0131nda faaliyet g\u00f6steren \u2018\u2019Ahrar El \u015eerkiye\u2019\u2019 ter\u00f6r \u00f6rg\u00fct\u00fcne ait bir arac\u0131n bir may\u0131n ile &hellip;<\/p>\n","protected":false},"author":1,"featured_media":208310,"comment_status":"closed","ping_status":"closed","sticky":false,"template":"","format":"standard","meta":{"footnotes":""},"categories":[575,17988,2554,2555],"tags":[],"class_list":["post-208309","post","type-post","status-publish","format-standard","has-post-thumbnail","","category-olaylar-ve-gercekler","category-son-haberler","category-suriye-ve-dunya","category-suriye-ve-turkiye"],"_links":{"self":[{"href":"https:\/\/archive.sana.sy\/tr\/index.php?rest_route=\/wp\/v2\/posts\/208309","targetHints":{"allow":["GET"]}}],"collection":[{"href":"https:\/\/archive.sana.sy\/tr\/index.php?rest_route=\/wp\/v2\/posts"}],"about":[{"href":"https:\/\/archive.sana.sy\/tr\/index.php?rest_route=\/wp\/v2\/types\/post"}],"author":[{"embeddable":true,"href":"https:\/\/archive.sana.sy\/tr\/index.php?rest_route=\/wp\/v2\/users\/1"}],"replies":[{"embeddable":true,"href":"https:\/\/archive.sana.sy\/tr\/index.php?rest_route=%2Fwp%2Fv2%2Fcomments&post=208309"}],"version-history":[{"count":0,"href":"https:\/\/archive.sana.sy\/tr\/index.php?rest_route=\/wp\/v2\/posts\/208309\/revisions"}],"wp:featuredmedia":[{"embeddable":true,"href":"https:\/\/archive.sana.sy\/tr\/index.php?rest_route=\/wp\/v2\/media\/208310"}],"wp:attachment":[{"href":"https:\/\/archive.sana.sy\/tr\/index.php?rest_route=%2Fwp%2Fv2%2Fmedia&parent=208309"}],"wp:term":[{"taxonomy":"category","embeddable":true,"href":"https:\/\/archive.sana.sy\/tr\/index.php?rest_route=%2Fwp%2Fv2%2Fcategories&post=208309"},{"taxonomy":"post_tag","embeddable":true,"href":"https:\/\/archive.sana.sy\/tr\/index.php?rest_route=%2Fwp%2Fv2%2Ftags&post=208309"}],"curies":[{"name":"wp","href":"https:\/\/api.w.org\/{rel}","templated":true}]}}