{"id":208391,"date":"2020-05-04T00:47:27","date_gmt":"2020-05-03T21:47:27","guid":{"rendered":"http:\/\/www.sana.sy\/tr\/?p=208391"},"modified":"2020-05-06T08:27:24","modified_gmt":"2020-05-06T05:27:24","slug":"israilli-dusman-ucaklari-lubnan-semalarini-yeniden-ihlal-etti","status":"publish","type":"post","link":"https:\/\/archive.sana.sy\/tr\/?p=208391","title":{"rendered":"\u0130srailli D\u00fc\u015fman U\u00e7aklar\u0131, L\u00fcbnan Semalar\u0131n\u0131 yeniden \u0130hlal Etti"},"content":{"rendered":"<p>BEYRUT \u2013 \u0130srailli d\u00fc\u015fman sava\u015f u\u00e7aklar\u0131 L\u00fcbnan hava sahas\u0131n\u0131 yeniden ihlal ederek de\u011fi\u015fik L\u00fcbnanl\u0131 b\u00f6lgeler \u00fcst\u00fcnde u\u00e7u\u015f yapt\u0131.<\/p>\n<p>L\u00fcbnan Ordusu, iki \u0130srailli sava\u015f u\u00e7a\u011f\u0131n\u0131n L\u00fcbnan hasa sahas\u0131n\u0131 deniz taraf\u0131ndan ihlal ederek \u015feka beldesi bat\u0131s\u0131 \u00fcst\u00fcnden Beyrut kenti \u00fcst\u00fcne kadar u\u00e7u\u015f yaparak El Nakure beldesi \u00fcst\u00fcnden uzakla\u015ft\u0131\u011f\u0131n\u0131 belirtti.<\/p>\n<p>L\u00fcbnan Ordusu\u2019nun beyan\u0131nda, d\u00fcn de \u0130srailli bir \u0130HA\u2019n\u0131n L\u00fcbnan hava sahas\u0131n\u0131 ihlal ederek beyrut semas\u0131na kadar dald\u0131\u011f\u0131n\u0131 duyurmu\u015ftu.<\/p>\n","protected":false},"excerpt":{"rendered":"<p>BEYRUT \u2013 \u0130srailli d\u00fc\u015fman sava\u015f u\u00e7aklar\u0131 L\u00fcbnan hava sahas\u0131n\u0131 yeniden ihlal ederek de\u011fi\u015fik L\u00fcbnanl\u0131 b\u00f6lgeler \u00fcst\u00fcnde u\u00e7u\u015f yapt\u0131. L\u00fcbnan Ordusu, iki \u0130srailli sava\u015f u\u00e7a\u011f\u0131n\u0131n L\u00fcbnan hasa sahas\u0131n\u0131 deniz taraf\u0131ndan ihlal ederek \u015feka beldesi bat\u0131s\u0131 \u00fcst\u00fcnden Beyrut kenti \u00fcst\u00fcne kadar u\u00e7u\u015f yaparak El Nakure beldesi \u00fcst\u00fcnden uzakla\u015ft\u0131\u011f\u0131n\u0131 belirtti. L\u00fcbnan Ordusu\u2019nun beyan\u0131nda, d\u00fcn de \u0130srailli bir \u0130HA\u2019n\u0131n &hellip;<\/p>\n","protected":false},"author":1,"featured_media":208396,"comment_status":"closed","ping_status":"closed","sticky":false,"template":"","format":"standard","meta":{"footnotes":""},"categories":[458,459,17988],"tags":[],"class_list":["post-208391","post","type-post","status-publish","format-standard","has-post-thumbnail","","category-dunya1","category-haberler-arap-uluslararasi-politika","category-son-haberler"],"_links":{"self":[{"href":"https:\/\/archive.sana.sy\/tr\/index.php?rest_route=\/wp\/v2\/posts\/208391","targetHints":{"allow":["GET"]}}],"collection":[{"href":"https:\/\/archive.sana.sy\/tr\/index.php?rest_route=\/wp\/v2\/posts"}],"about":[{"href":"https:\/\/archive.sana.sy\/tr\/index.php?rest_route=\/wp\/v2\/types\/post"}],"author":[{"embeddable":true,"href":"https:\/\/archive.sana.sy\/tr\/index.php?rest_route=\/wp\/v2\/users\/1"}],"replies":[{"embeddable":true,"href":"https:\/\/archive.sana.sy\/tr\/index.php?rest_route=%2Fwp%2Fv2%2Fcomments&post=208391"}],"version-history":[{"count":0,"href":"https:\/\/archive.sana.sy\/tr\/index.php?rest_route=\/wp\/v2\/posts\/208391\/revisions"}],"wp:featuredmedia":[{"embeddable":true,"href":"https:\/\/archive.sana.sy\/tr\/index.php?rest_route=\/wp\/v2\/media\/208396"}],"wp:attachment":[{"href":"https:\/\/archive.sana.sy\/tr\/index.php?rest_route=%2Fwp%2Fv2%2Fmedia&parent=208391"}],"wp:term":[{"taxonomy":"category","embeddable":true,"href":"https:\/\/archive.sana.sy\/tr\/index.php?rest_route=%2Fwp%2Fv2%2Fcategories&post=208391"},{"taxonomy":"post_tag","embeddable":true,"href":"https:\/\/archive.sana.sy\/tr\/index.php?rest_route=%2Fwp%2Fv2%2Ftags&post=208391"}],"curies":[{"name":"wp","href":"https:\/\/api.w.org\/{rel}","templated":true}]}}