{"id":208399,"date":"2020-05-04T11:14:07","date_gmt":"2020-05-04T08:14:07","guid":{"rendered":"http:\/\/www.sana.sy\/tr\/?p=208399"},"modified":"2020-05-06T08:28:06","modified_gmt":"2020-05-06T05:28:06","slug":"astana-bolge-guvenligi-ve-istikrari-acisindan-atilan-onemli-adimdir","status":"publish","type":"post","link":"https:\/\/archive.sana.sy\/tr\/?p=208399","title":{"rendered":"Astana B\u00f6lge G\u00fcvenli\u011fi ve \u0130stikrar\u0131 A\u00e7\u0131s\u0131ndan At\u0131lan \u00d6nemli Ad\u0131md\u0131r"},"content":{"rendered":"<p>TAHRAN &#8211; \u0130ran D\u0131\u015fi\u015fleri Bakanl\u0131\u011f\u0131 s\u00f6zc\u00fcs\u00fc Abbas Musevi, Suriye&#8217;deki krizi \u00e7\u00f6zme yolunda Astana&#8217;n\u0131n b\u00f6lgede g\u00fcvenlik ve istikrar\u0131 sa\u011flamak i\u00e7in \u00f6nemli ve \u00f6nemli bir ad\u0131m oldu\u011funu belirtti.<\/p>\n<p>Musevi bug\u00fcn d\u00fczenledi\u011fi bas\u0131n toplant\u0131s\u0131nda, Astana s\u00fcreci garant\u00f6rlerinin (\u0130ran, Rusya ve T\u00fcrkiye) d\u0131\u015fi\u015fleri bakanlar\u0131n\u0131n yak\u0131n zamanda yapt\u0131klar\u0131 video konferans mekanizmas\u0131 arac\u0131l\u0131\u011f\u0131yla, Astana toplant\u0131lar\u0131n\u0131n devam ettirilmesi ve s\u00fcrd\u00fcr\u00fclmesi \u00f6nemini vurgulayarak, garant\u00f6r \u00fclkeler toplant\u0131s\u0131n\u0131n korona vir\u00fcs\u00fc krizinin sona ermesiyle birlikte Tahran&#8217;da d\u00fczenlenmesi umudunu dile getirdi.<\/p>\n<p>Hat\u0131rlanaca\u011f\u0131 \u00fczere Astana toplant\u0131lar\u0131 2017&#8217;nin ba\u015flar\u0131nda Kazakistan&#8217;\u0131n ba\u015fkentinde ba\u015flad\u0131, biri Rusya&#8217;n\u0131n So\u00e7i \u015fehrinde 13 toplant\u0131 d\u00fczenlendi ve t\u00fcm toplant\u0131lar Suriye&#8217;nin egemenli\u011fini, ba\u011f\u0131ms\u0131zl\u0131\u011f\u0131n\u0131 ve toprak b\u00fct\u00fcnl\u00fc\u011f\u00fcn\u00fc koruma ve ter\u00f6rist \u00f6rg\u00fctlerin k\u00f6k\u00fcn\u00fc kaz\u0131ncaya kadar sava\u015fa devam etme kararl\u0131l\u0131\u011f\u0131 belirtilmi\u015ftir.<\/p>\n<p>&nbsp;<\/p>\n","protected":false},"excerpt":{"rendered":"<p>TAHRAN &#8211; \u0130ran D\u0131\u015fi\u015fleri Bakanl\u0131\u011f\u0131 s\u00f6zc\u00fcs\u00fc Abbas Musevi, Suriye&#8217;deki krizi \u00e7\u00f6zme yolunda Astana&#8217;n\u0131n b\u00f6lgede g\u00fcvenlik ve istikrar\u0131 sa\u011flamak i\u00e7in \u00f6nemli ve \u00f6nemli bir ad\u0131m oldu\u011funu belirtti. Musevi bug\u00fcn d\u00fczenledi\u011fi bas\u0131n toplant\u0131s\u0131nda, Astana s\u00fcreci garant\u00f6rlerinin (\u0130ran, Rusya ve T\u00fcrkiye) d\u0131\u015fi\u015fleri bakanlar\u0131n\u0131n yak\u0131n zamanda yapt\u0131klar\u0131 video konferans mekanizmas\u0131 arac\u0131l\u0131\u011f\u0131yla, Astana toplant\u0131lar\u0131n\u0131n devam ettirilmesi ve s\u00fcrd\u00fcr\u00fclmesi \u00f6nemini vurgulayarak, &hellip;<\/p>\n","protected":false},"author":1,"featured_media":208400,"comment_status":"closed","ping_status":"closed","sticky":false,"template":"","format":"standard","meta":{"footnotes":""},"categories":[458,459,17988],"tags":[],"class_list":["post-208399","post","type-post","status-publish","format-standard","has-post-thumbnail","","category-dunya1","category-haberler-arap-uluslararasi-politika","category-son-haberler"],"_links":{"self":[{"href":"https:\/\/archive.sana.sy\/tr\/index.php?rest_route=\/wp\/v2\/posts\/208399","targetHints":{"allow":["GET"]}}],"collection":[{"href":"https:\/\/archive.sana.sy\/tr\/index.php?rest_route=\/wp\/v2\/posts"}],"about":[{"href":"https:\/\/archive.sana.sy\/tr\/index.php?rest_route=\/wp\/v2\/types\/post"}],"author":[{"embeddable":true,"href":"https:\/\/archive.sana.sy\/tr\/index.php?rest_route=\/wp\/v2\/users\/1"}],"replies":[{"embeddable":true,"href":"https:\/\/archive.sana.sy\/tr\/index.php?rest_route=%2Fwp%2Fv2%2Fcomments&post=208399"}],"version-history":[{"count":0,"href":"https:\/\/archive.sana.sy\/tr\/index.php?rest_route=\/wp\/v2\/posts\/208399\/revisions"}],"wp:featuredmedia":[{"embeddable":true,"href":"https:\/\/archive.sana.sy\/tr\/index.php?rest_route=\/wp\/v2\/media\/208400"}],"wp:attachment":[{"href":"https:\/\/archive.sana.sy\/tr\/index.php?rest_route=%2Fwp%2Fv2%2Fmedia&parent=208399"}],"wp:term":[{"taxonomy":"category","embeddable":true,"href":"https:\/\/archive.sana.sy\/tr\/index.php?rest_route=%2Fwp%2Fv2%2Fcategories&post=208399"},{"taxonomy":"post_tag","embeddable":true,"href":"https:\/\/archive.sana.sy\/tr\/index.php?rest_route=%2Fwp%2Fv2%2Ftags&post=208399"}],"curies":[{"name":"wp","href":"https:\/\/api.w.org\/{rel}","templated":true}]}}