{"id":208423,"date":"2020-05-04T17:57:43","date_gmt":"2020-05-04T14:57:43","guid":{"rendered":"http:\/\/www.sana.sy\/tr\/?p=208423"},"modified":"2020-05-06T08:28:31","modified_gmt":"2020-05-06T05:28:31","slug":"saglik-bakanligi-ihtiyati-tedbirleri-hafife-almak-koronavirus-enfeksiyon-riski-tasir-saglik-guvenligini-tehlikeye-atar","status":"publish","type":"post","link":"https:\/\/archive.sana.sy\/tr\/?p=208423","title":{"rendered":"Sa\u011fl\u0131k Bakanl\u0131\u011f\u0131: \u0130htiyati Tedbirleri Hafife Almak, Koronavir\u00fcs Enfeksiyon Riski Ta\u015f\u0131r, Sa\u011fl\u0131k G\u00fcvenli\u011fini Tehlikeye Atar"},"content":{"rendered":"<p style=\"text-align: justify;\">\u015eAM \u2013 Sa\u011fl\u0131k Bakanl\u0131\u011f\u0131 bug\u00fcn, 5 \u015eubat 2020 Tarihinden bug\u00fcne kadar karantina merkezlerine al\u0131nan ki\u015fi say\u0131s\u0131n\u0131n 3325 ki\u015fiye vard\u0131\u011f\u0131n\u0131 2554&#8217;\u00fcn\u00fcn \u00e7\u0131kar\u0131ld\u0131\u011f\u0131n\u0131 771 ki\u015finin de hala sa\u011fl\u0131k kontrol\u00fc alt\u0131nda oldu\u011funu ilan etti.<\/p>\n<p style=\"text-align: justify;\">Bakanl\u0131k yay\u0131nlad\u0131\u011f\u0131 beyanda, yurt d\u0131\u015f\u0131ndan gelen 3 u\u00e7a\u011f\u0131n var\u0131\u015f\u0131 ve karantina merkezlerinde misafir edilmeleriyle birlikte Bakanl\u0131\u011f\u0131n t\u00fcm herkesi s\u0131\u011fabilecek kapasiteye varmak i\u00e7in yeni merkezlerin haz\u0131rland\u0131\u011f\u0131n\u0131 belirterek, merkezlerde sunulan t\u00fcm hizmetlerin tamamen bedava oldu\u011funu s\u00f6yledi.<\/p>\n<p style=\"text-align: justify;\">Bakanl\u0131k beyan\u0131nda, hastanelerin ve sa\u011fl\u0131k merkezlerinin korona salg\u0131n\u0131na cevap vermeye haz\u0131r oldu\u011funu, kay\u0131t \u00fczerine yeni enfeksiyon, iyile\u015fme veya \u00f6l\u00fcm vakalar\u0131n\u0131 duyurmaya haz\u0131r oldu\u011funu ancak g\u00fcvenlik a\u015famas\u0131na varma zaman\u0131yla ilgili herhangi bir zaman verilmesinin m\u00fcmk\u00fcn olmad\u0131\u011f\u0131n\u0131 bir kez daha yineledi.<\/p>\n<p style=\"text-align: justify;\">Bakanl\u0131k vatanda\u015flar\u0131 ihtiyati tedbirlere devaml\u0131 bir \u015fekilde ba\u011fl\u0131 kalmaya, hafife almamaya ve koronavir\u00fcs tedbirlerine uymaya \u00e7a\u011f\u0131rd\u0131.<\/p>\n<p style=\"text-align: justify;\">D\u00fcnya ve b\u00f6lgesel d\u00fczeyde koronavir\u00fcs salg\u0131n\u0131n\u0131n yay\u0131lmas\u0131 yeniliklerini izlediklerini \u015f\u00fcpheli vakalar\u0131n izlenmesi kanal\u0131yla yurt i\u00e7inde de buna kar\u015f\u0131 \u00f6nlemler almay\u0131 s\u00fcrd\u00fcrd\u00fc\u011f\u00fcn\u00fc dile getirdi.<\/p>\n","protected":false},"excerpt":{"rendered":"<p>\u015eAM \u2013 Sa\u011fl\u0131k Bakanl\u0131\u011f\u0131 bug\u00fcn, 5 \u015eubat 2020 Tarihinden bug\u00fcne kadar karantina merkezlerine al\u0131nan ki\u015fi say\u0131s\u0131n\u0131n 3325 ki\u015fiye vard\u0131\u011f\u0131n\u0131 2554&#8217;\u00fcn\u00fcn \u00e7\u0131kar\u0131ld\u0131\u011f\u0131n\u0131 771 ki\u015finin de hala sa\u011fl\u0131k kontrol\u00fc alt\u0131nda oldu\u011funu ilan etti. Bakanl\u0131k yay\u0131nlad\u0131\u011f\u0131 beyanda, yurt d\u0131\u015f\u0131ndan gelen 3 u\u00e7a\u011f\u0131n var\u0131\u015f\u0131 ve karantina merkezlerinde misafir edilmeleriyle birlikte Bakanl\u0131\u011f\u0131n t\u00fcm herkesi s\u0131\u011fabilecek kapasiteye varmak i\u00e7in yeni merkezlerin &hellip;<\/p>\n","protected":false},"author":1,"featured_media":208424,"comment_status":"closed","ping_status":"closed","sticky":false,"template":"","format":"standard","meta":{"footnotes":""},"categories":[526,479,17988,525,478],"tags":[],"class_list":["post-208423","post","type-post","status-publish","format-standard","has-post-thumbnail","","category-haber-ve-raporlar","category-haberler-yerel","category-son-haberler","category-toplum","category-yerel"],"_links":{"self":[{"href":"https:\/\/archive.sana.sy\/tr\/index.php?rest_route=\/wp\/v2\/posts\/208423","targetHints":{"allow":["GET"]}}],"collection":[{"href":"https:\/\/archive.sana.sy\/tr\/index.php?rest_route=\/wp\/v2\/posts"}],"about":[{"href":"https:\/\/archive.sana.sy\/tr\/index.php?rest_route=\/wp\/v2\/types\/post"}],"author":[{"embeddable":true,"href":"https:\/\/archive.sana.sy\/tr\/index.php?rest_route=\/wp\/v2\/users\/1"}],"replies":[{"embeddable":true,"href":"https:\/\/archive.sana.sy\/tr\/index.php?rest_route=%2Fwp%2Fv2%2Fcomments&post=208423"}],"version-history":[{"count":0,"href":"https:\/\/archive.sana.sy\/tr\/index.php?rest_route=\/wp\/v2\/posts\/208423\/revisions"}],"wp:featuredmedia":[{"embeddable":true,"href":"https:\/\/archive.sana.sy\/tr\/index.php?rest_route=\/wp\/v2\/media\/208424"}],"wp:attachment":[{"href":"https:\/\/archive.sana.sy\/tr\/index.php?rest_route=%2Fwp%2Fv2%2Fmedia&parent=208423"}],"wp:term":[{"taxonomy":"category","embeddable":true,"href":"https:\/\/archive.sana.sy\/tr\/index.php?rest_route=%2Fwp%2Fv2%2Fcategories&post=208423"},{"taxonomy":"post_tag","embeddable":true,"href":"https:\/\/archive.sana.sy\/tr\/index.php?rest_route=%2Fwp%2Fv2%2Ftags&post=208423"}],"curies":[{"name":"wp","href":"https:\/\/api.w.org\/{rel}","templated":true}]}}