{"id":208447,"date":"2020-05-04T23:59:49","date_gmt":"2020-05-04T20:59:49","guid":{"rendered":"http:\/\/www.sana.sy\/tr\/?p=208447"},"modified":"2020-05-06T08:32:23","modified_gmt":"2020-05-06T05:32:23","slug":"deranin-el-mzerib-ilce-baskanligina-duzenlenen-teror-saldirisinda-9-polis-sehit-oldu","status":"publish","type":"post","link":"https:\/\/archive.sana.sy\/tr\/?p=208447","title":{"rendered":"Dera\u2019n\u0131n El Mzerib \u0130l\u00e7e Ba\u015fkanl\u0131\u011f\u0131na D\u00fczenlenen Ter\u00f6r Sald\u0131r\u0131s\u0131nda 9 Polis \u015eehit Oldu"},"content":{"rendered":"<p>DERA \u2013 Dera bat\u0131 k\u0131rsal\u0131n\u0131n El Mzerib il\u00e7esi polis karakoluna y\u00f6nelik d\u00fczenlenen ter\u00f6r sald\u0131r\u0131s\u0131 nedeniyle 9 polis \u015fehit oldu.<\/p>\n<p>\u0130\u00e7i\u015fleri Bakanl\u0131\u011f\u0131\u2019n\u0131n beyan\u0131nda, Dera polis komutanl\u0131\u011f\u0131 \u2013 El Mzerib il\u00e7esi polis elemanlar\u0131na y\u00f6nelik bir ter\u00f6r sald\u0131r\u0131s\u0131 sonucunda 9 polis \u015fehit oldu, \u015fehitlerin cesetleri Dera devlet hastanesine aktar\u0131ld\u0131.<\/p>\n<p>SANA\u2019ya a\u00e7\u0131klama yapan Dera Polis Komutan\u0131 tu\u011fgeneral Mujhem El Dendel, sabah saat 8:00 sular\u0131nda 50 \u2013 60 ter\u00f6ristten ibaret bir ter\u00f6r \u00e7etesinin hafif silahlarla El Mzerib il\u00e7esine y\u00f6nelik bir bask\u0131n yap\u0131p yo\u011fun ate\u015f a\u00e7t\u0131klar\u0131 ve 9 polisi \u015fehit ettiklerini belirtti. Komutan El Dendel, \u015fehitlerin kanlar\u0131 yerde kalmayaca\u011f\u0131 ve canilerin pe\u015fi b\u0131rak\u0131lmayaca\u011f\u0131n\u0131 vurgulad\u0131.<\/p>\n<p>Kumeyt Yusuf<\/p>\n<p>&nbsp;<\/p>\n","protected":false},"excerpt":{"rendered":"<p>DERA \u2013 Dera bat\u0131 k\u0131rsal\u0131n\u0131n El Mzerib il\u00e7esi polis karakoluna y\u00f6nelik d\u00fczenlenen ter\u00f6r sald\u0131r\u0131s\u0131 nedeniyle 9 polis \u015fehit oldu. \u0130\u00e7i\u015fleri Bakanl\u0131\u011f\u0131\u2019n\u0131n beyan\u0131nda, Dera polis komutanl\u0131\u011f\u0131 \u2013 El Mzerib il\u00e7esi polis elemanlar\u0131na y\u00f6nelik bir ter\u00f6r sald\u0131r\u0131s\u0131 sonucunda 9 polis \u015fehit oldu, \u015fehitlerin cesetleri Dera devlet hastanesine aktar\u0131ld\u0131. SANA\u2019ya a\u00e7\u0131klama yapan Dera Polis Komutan\u0131 tu\u011fgeneral Mujhem El &hellip;<\/p>\n","protected":false},"author":1,"featured_media":208448,"comment_status":"closed","ping_status":"closed","sticky":false,"template":"","format":"standard","meta":{"footnotes":""},"categories":[479,575,17988,478],"tags":[],"class_list":["post-208447","post","type-post","status-publish","format-standard","has-post-thumbnail","","category-haberler-yerel","category-olaylar-ve-gercekler","category-son-haberler","category-yerel"],"_links":{"self":[{"href":"https:\/\/archive.sana.sy\/tr\/index.php?rest_route=\/wp\/v2\/posts\/208447","targetHints":{"allow":["GET"]}}],"collection":[{"href":"https:\/\/archive.sana.sy\/tr\/index.php?rest_route=\/wp\/v2\/posts"}],"about":[{"href":"https:\/\/archive.sana.sy\/tr\/index.php?rest_route=\/wp\/v2\/types\/post"}],"author":[{"embeddable":true,"href":"https:\/\/archive.sana.sy\/tr\/index.php?rest_route=\/wp\/v2\/users\/1"}],"replies":[{"embeddable":true,"href":"https:\/\/archive.sana.sy\/tr\/index.php?rest_route=%2Fwp%2Fv2%2Fcomments&post=208447"}],"version-history":[{"count":0,"href":"https:\/\/archive.sana.sy\/tr\/index.php?rest_route=\/wp\/v2\/posts\/208447\/revisions"}],"wp:featuredmedia":[{"embeddable":true,"href":"https:\/\/archive.sana.sy\/tr\/index.php?rest_route=\/wp\/v2\/media\/208448"}],"wp:attachment":[{"href":"https:\/\/archive.sana.sy\/tr\/index.php?rest_route=%2Fwp%2Fv2%2Fmedia&parent=208447"}],"wp:term":[{"taxonomy":"category","embeddable":true,"href":"https:\/\/archive.sana.sy\/tr\/index.php?rest_route=%2Fwp%2Fv2%2Fcategories&post=208447"},{"taxonomy":"post_tag","embeddable":true,"href":"https:\/\/archive.sana.sy\/tr\/index.php?rest_route=%2Fwp%2Fv2%2Ftags&post=208447"}],"curies":[{"name":"wp","href":"https:\/\/api.w.org\/{rel}","templated":true}]}}