{"id":208525,"date":"2020-05-06T17:08:43","date_gmt":"2020-05-06T14:08:43","guid":{"rendered":"http:\/\/www.sana.sy\/tr\/?p=208525"},"modified":"2020-05-08T08:09:12","modified_gmt":"2020-05-08T05:09:12","slug":"sb-suriyede-yeni-korona-virus-vakasi-tescil-edildi","status":"publish","type":"post","link":"https:\/\/archive.sana.sy\/tr\/?p=208525","title":{"rendered":"SB: Suriye&#8217;de Yeni Korona Vir\u00fcs Vakas\u0131 Tescil Edildi"},"content":{"rendered":"<p style=\"text-align: justify;\">\u015eAM \u2013 Sa\u011fl\u0131k Bakanl\u0131\u011f\u0131 bug\u00fcn, bir korona vir\u00fcs vakas\u0131n\u0131n tescil edildi\u011fini ve \u00fclkede vaka say\u0131s\u0131n\u0131n 45&#8217;e y\u00fckseldi\u011fini ilan etti.<\/p>\n<p style=\"text-align: justify;\">Bakanl\u0131k yay\u0131nlad\u0131\u011f\u0131 beyanda, Suriye&#8217; de tescil edilen korona vir\u00fcs vakas\u0131n\u0131n 45&#8217;e y\u00fckseldi\u011fini bulardan 27&#8217;sinin iyile\u015fti\u011fini 3&#8217;\u00fcn\u00fcn de vefat etti\u011fini a\u00e7\u0131klad\u0131.<\/p>\n","protected":false},"excerpt":{"rendered":"<p>\u015eAM \u2013 Sa\u011fl\u0131k Bakanl\u0131\u011f\u0131 bug\u00fcn, bir korona vir\u00fcs vakas\u0131n\u0131n tescil edildi\u011fini ve \u00fclkede vaka say\u0131s\u0131n\u0131n 45&#8217;e y\u00fckseldi\u011fini ilan etti. Bakanl\u0131k yay\u0131nlad\u0131\u011f\u0131 beyanda, Suriye&#8217; de tescil edilen korona vir\u00fcs vakas\u0131n\u0131n 45&#8217;e y\u00fckseldi\u011fini bulardan 27&#8217;sinin iyile\u015fti\u011fini 3&#8217;\u00fcn\u00fcn de vefat etti\u011fini a\u00e7\u0131klad\u0131.<\/p>\n","protected":false},"author":1,"featured_media":208526,"comment_status":"closed","ping_status":"closed","sticky":false,"template":"","format":"standard","meta":{"footnotes":""},"categories":[526,479,525,478],"tags":[],"class_list":["post-208525","post","type-post","status-publish","format-standard","has-post-thumbnail","","category-haber-ve-raporlar","category-haberler-yerel","category-toplum","category-yerel"],"_links":{"self":[{"href":"https:\/\/archive.sana.sy\/tr\/index.php?rest_route=\/wp\/v2\/posts\/208525","targetHints":{"allow":["GET"]}}],"collection":[{"href":"https:\/\/archive.sana.sy\/tr\/index.php?rest_route=\/wp\/v2\/posts"}],"about":[{"href":"https:\/\/archive.sana.sy\/tr\/index.php?rest_route=\/wp\/v2\/types\/post"}],"author":[{"embeddable":true,"href":"https:\/\/archive.sana.sy\/tr\/index.php?rest_route=\/wp\/v2\/users\/1"}],"replies":[{"embeddable":true,"href":"https:\/\/archive.sana.sy\/tr\/index.php?rest_route=%2Fwp%2Fv2%2Fcomments&post=208525"}],"version-history":[{"count":0,"href":"https:\/\/archive.sana.sy\/tr\/index.php?rest_route=\/wp\/v2\/posts\/208525\/revisions"}],"wp:featuredmedia":[{"embeddable":true,"href":"https:\/\/archive.sana.sy\/tr\/index.php?rest_route=\/wp\/v2\/media\/208526"}],"wp:attachment":[{"href":"https:\/\/archive.sana.sy\/tr\/index.php?rest_route=%2Fwp%2Fv2%2Fmedia&parent=208525"}],"wp:term":[{"taxonomy":"category","embeddable":true,"href":"https:\/\/archive.sana.sy\/tr\/index.php?rest_route=%2Fwp%2Fv2%2Fcategories&post=208525"},{"taxonomy":"post_tag","embeddable":true,"href":"https:\/\/archive.sana.sy\/tr\/index.php?rest_route=%2Fwp%2Fv2%2Ftags&post=208525"}],"curies":[{"name":"wp","href":"https:\/\/api.w.org\/{rel}","templated":true}]}}