{"id":208529,"date":"2020-05-06T21:13:14","date_gmt":"2020-05-06T18:13:14","guid":{"rendered":"http:\/\/www.sana.sy\/tr\/?p=208529"},"modified":"2020-05-08T08:09:21","modified_gmt":"2020-05-08T05:09:21","slug":"sehitler-bayrami-yildonumunde-sehitlik-suriyelilerin-gonullerinde-nur-vatan-topraginda-zaferdir","status":"publish","type":"post","link":"https:\/\/archive.sana.sy\/tr\/?p=208529","title":{"rendered":"\u015eehitler Bayram\u0131 Y\u0131ld\u00f6n\u00fcm\u00fcnde.. \u015eehitlik Suriyelilerin G\u00f6n\u00fcllerinde Nur Vatan Topra\u011f\u0131nda Zaferdir"},"content":{"rendered":"<p style=\"text-align: justify;\">\u015eAM \u2013 \u015eehitler \u00fclkeye kimlik, hayata da y\u00fcce anlamlar k\u0131ld\u0131.. \u00fcmmetimizin tarihi boyunca o pak kanlar\u0131 d\u00fc\u015fmanlara kar\u015f\u0131 zafer elde etmede daima y\u00fckseklerde kald\u0131. Yermuk&#8217;ta Romenlere unutamayacaklar\u0131 ders, Zi Kar&#8217;da \u0130bret, Te\u015frin Kurtulu\u015f&#8217;ta ise destan, Araplar\u0131n onurunu tarih sayfalar\u0131nda nurdan harflerle yazd\u0131.<\/p>\n<p style=\"text-align: justify;\">Suriyeliler 106 y\u0131l sonra, 6 May\u0131s 1916&#8217;da Suriyeli ayd\u0131nlar\u0131n boyunlar\u0131 Osmanl\u0131 istibdad\u0131na kar\u015f\u0131 nas\u0131l kar\u015f\u0131 koyduklar\u0131n\u0131 ve cellad\u0131n \u015eam ve Beyrut&#8217;ta kendilerine kurduklar\u0131 daraa\u011fac\u0131na, ba\u015flar\u0131 dik, kalpleri sabit, &#8220;onur sal\u0131nca\u011f\u0131 merhaba.. vatan\u0131m\u0131z \u00f6zg\u00fcr ve muazzez ya\u015fas\u0131n diye \u00f6l\u00fcr\u00fcz..&#8221; diye y\u00fckselen sesleriyle nas\u0131l ula\u015ft\u0131klar\u0131n\u0131 hat\u0131rlarlar. Nas\u0131l hat\u0131rlamas\u0131nlar..<\/p>\n<p style=\"text-align: justify;\">\u015eehitler bizlere en g\u00fczel ve en y\u00fcrekli ulusal anlamlar\u0131 sundular. Hem de kahramanl\u0131k sahalar\u0131na do\u011fru hi\u00e7 teredd\u00fcts\u00fcz olarak vatan\u0131n nidalar\u0131na kulak verip erkek\u00e7e gittiler. Vatanlar\u0131n\u0131 ruhlar\u0131 ve kanlar\u0131yla sevdikerini dile getirdiler. Neden? Vatan bayra\u011f\u0131 alt\u0131nda istikrar ve bar\u0131\u015f direklerini sa\u011flam ve dimdik kurmak i\u00e7in.<\/p>\n<p style=\"text-align: justify;\">\u015eehitler Bayram\u0131 y\u0131ld\u00f6n\u00fcm\u00fcnde 6 May\u0131s g\u00fcne\u015finin do\u011fmas\u0131yla birlikte Suriyeliler, Suriye Arap Ordusu kahramanlar\u0131n\u0131n ve \u015fehitlerinin sulad\u0131\u011f\u0131 ve b\u00fcy\u00fctt\u00fc\u011f\u00fc vatan topra\u011f\u0131n\u0131n derinli\u011fine saplanm\u0131\u015f k\u00f6kleriyle muazzam bir a\u011fac\u0131n g\u00f6lgesi alt\u0131nda buldular.<\/p>\n<p style=\"text-align: justify;\">Suriye&#8217;ye y\u00f6nelik bu zalim ve \u00e7irkef sava\u015f esnas\u0131nda, 9 y\u0131ldan fazla bir zamand\u0131r kahraman ordumuzdan \u015fehitlerimiz bu vatan topraklar\u0131 i\u00e7in canlar\u0131n\u0131 sundular. Bu \u00e7irkef sava\u015f\u0131n kara sayfalar\u0131n\u0131, ihvanc\u0131 Erdo\u011fan, s\u00f6m\u00fcrgeci bat\u0131 ve gerici Araplar\u0131n liderli\u011finde yeni Osmanl\u0131c\u0131lar, t\u00fcm\u00fc i\u015fgal edilen Filistini gasp eden Siyonist varl\u0131\u011f\u0131n \u00e7\u0131kar ve tamahkarl\u0131klar\u0131n\u0131n sa\u011flanmas\u0131 fele\u011finde d\u00f6n\u00fcyorlar.<\/p>\n<p style=\"text-align: justify;\">Suriyeliler her y\u0131l 14&#8217;\u00fc \u015eam&#8217;\u0131n Merce meydan\u0131 7&#8217;si de Beyrut el Burc Meydan\u0131nda olmak \u00fczere 21 ulusalc\u0131 liderin idam edili\u015f y\u0131l d\u00f6n\u00fcmlerini \u015fehitli\u011fin kudsiyetini ve y\u00fcce anlamlar\u0131n\u0131 bilerek kutluyorlar.<\/p>\n<p style=\"text-align: justify;\">Bug\u00fcn de fedakarl\u0131k serisi s\u00fcr\u00fcyor. Osmanl\u0131lar\u0131n ge\u00e7en 19. Yy&#8217;\u0131n ba\u015flar\u0131nda k\u0131r\u0131lmalar\u0131ndan sonra Suriyelilerin Frans\u0131z s\u00f6m\u00fcrgecilerine kar\u015f\u0131 direni\u015flerinin \u00fcss\u00fc olan Meyselun Muharebesi&#8217;ne var\u0131ncaya kadar\u00a0 yakla\u015f\u0131k \u00e7eyrek y\u00fczy\u0131ldan 1946&#8217;da 17 Nisan&#8217;da son Frans\u0131z askerinin vatan toprakla\u0131 \u00fczerinden def edilinceye kadar, sonras\u0131nda bat\u0131 \u00fclkelerince destekli d\u00fc\u015fman Siyonistlerle \u00e7at\u0131\u015fmalar, Te\u015frin Kurtulu\u015f Sava\u015f\u0131 ve L\u00fcbnan&#8217;\u0131 savunmak i\u00e7in gelen Arap zaferlerin \u00fcss\u00fcn\u00fc olu\u015fturdu.<\/p>\n<p style=\"text-align: justify;\">Vuctlar\u0131n\u0131 k\u00f6pr\u00fc, kanlar\u0131n\u0131 ayd\u0131nl\u0131k ve g\u00fcvenli gelece\u011fe do\u011fru ge\u00e7mek i\u00e7in \u0131\u015f\u0131k yapan \u015fehitlerimiz, Suriye&#8217;de ter\u00f6rist \u00f6rg\u00fctleri t\u00fcm Suriye topraklar\u0131ndan silip s\u00fcp\u00fcrmede son destanlar\u0131nda fedakarl\u0131klar\u0131yla son sat\u0131r\u0131 yaz\u0131yorlar. Suriyeliler bug\u00fcn her zaman oldu\u011fu gibi Suriye Arap Ordusunun \u00e7evresinde kenetleniyor g\u00f6zleri de ter\u00f6re kar\u015f\u0131 kesin zafere do\u011fru kilitlemi\u015f gelecek nesillerin insanl\u0131k tarihinde k\u00f6kle\u015fmi\u015f uygarl\u0131llar\u0131 ve Suriyelilere lay\u0131k olan onurlu ya\u015fam yolunda yeniden imara ba\u015flamak i\u00e7in can at\u0131yorlar.<\/p>\n","protected":false},"excerpt":{"rendered":"<p>\u015eAM \u2013 \u015eehitler \u00fclkeye kimlik, hayata da y\u00fcce anlamlar k\u0131ld\u0131.. \u00fcmmetimizin tarihi boyunca o pak kanlar\u0131 d\u00fc\u015fmanlara kar\u015f\u0131 zafer elde etmede daima y\u00fckseklerde kald\u0131. Yermuk&#8217;ta Romenlere unutamayacaklar\u0131 ders, Zi Kar&#8217;da \u0130bret, Te\u015frin Kurtulu\u015f&#8217;ta ise destan, Araplar\u0131n onurunu tarih sayfalar\u0131nda nurdan harflerle yazd\u0131. Suriyeliler 106 y\u0131l sonra, 6 May\u0131s 1916&#8217;da Suriyeli ayd\u0131nlar\u0131n boyunlar\u0131 Osmanl\u0131 istibdad\u0131na kar\u015f\u0131 &hellip;<\/p>\n","protected":false},"author":1,"featured_media":208530,"comment_status":"closed","ping_status":"closed","sticky":false,"template":"","format":"standard","meta":{"footnotes":""},"categories":[479,17988,478],"tags":[],"class_list":["post-208529","post","type-post","status-publish","format-standard","has-post-thumbnail","","category-haberler-yerel","category-son-haberler","category-yerel"],"_links":{"self":[{"href":"https:\/\/archive.sana.sy\/tr\/index.php?rest_route=\/wp\/v2\/posts\/208529","targetHints":{"allow":["GET"]}}],"collection":[{"href":"https:\/\/archive.sana.sy\/tr\/index.php?rest_route=\/wp\/v2\/posts"}],"about":[{"href":"https:\/\/archive.sana.sy\/tr\/index.php?rest_route=\/wp\/v2\/types\/post"}],"author":[{"embeddable":true,"href":"https:\/\/archive.sana.sy\/tr\/index.php?rest_route=\/wp\/v2\/users\/1"}],"replies":[{"embeddable":true,"href":"https:\/\/archive.sana.sy\/tr\/index.php?rest_route=%2Fwp%2Fv2%2Fcomments&post=208529"}],"version-history":[{"count":0,"href":"https:\/\/archive.sana.sy\/tr\/index.php?rest_route=\/wp\/v2\/posts\/208529\/revisions"}],"wp:featuredmedia":[{"embeddable":true,"href":"https:\/\/archive.sana.sy\/tr\/index.php?rest_route=\/wp\/v2\/media\/208530"}],"wp:attachment":[{"href":"https:\/\/archive.sana.sy\/tr\/index.php?rest_route=%2Fwp%2Fv2%2Fmedia&parent=208529"}],"wp:term":[{"taxonomy":"category","embeddable":true,"href":"https:\/\/archive.sana.sy\/tr\/index.php?rest_route=%2Fwp%2Fv2%2Fcategories&post=208529"},{"taxonomy":"post_tag","embeddable":true,"href":"https:\/\/archive.sana.sy\/tr\/index.php?rest_route=%2Fwp%2Fv2%2Ftags&post=208529"}],"curies":[{"name":"wp","href":"https:\/\/api.w.org\/{rel}","templated":true}]}}