{"id":208560,"date":"2020-05-07T18:22:05","date_gmt":"2020-05-07T15:22:05","guid":{"rendered":"http:\/\/www.sana.sy\/tr\/?p=208560"},"modified":"2020-05-09T08:29:31","modified_gmt":"2020-05-09T05:29:31","slug":"isgalci-turkler-planli-gocettirme-uygulamalarini-kiraliklariyla-birlikte-surduruyor","status":"publish","type":"post","link":"https:\/\/archive.sana.sy\/tr\/?p=208560","title":{"rendered":"\u0130\u015fgalci T\u00fcrkler Planl\u0131 G\u00f6\u00e7ettirme Uygulamalar\u0131n\u0131 Kiral\u0131klar\u0131yla Birlikte S\u00fcrd\u00fcr\u00fcyor"},"content":{"rendered":"<p style=\"text-align: justify;\">HASEKE \u2013 \u0130\u015fgalci T\u00fcrk kuvvetleri ve ter\u00f6rist \u00f6rg\u00fctlerden kiral\u0131klar\u0131 Haseke&#8217;de i\u015fgal ettikleri b\u00f6lgelerde Suriyeli vatanda\u015flar hakk\u0131nda planl\u0131 g\u00f6\u00e7 ettirme politikas\u0131 uygulamay\u0131 s\u00fcrd\u00fcrmesi yan\u0131 s\u0131ra ahali ve m\u00fclkleri hakk\u0131nda \u00f6ld\u00fcrme, ya\u011fmalama, adam ka\u00e7\u0131rma ve silahl\u0131 soygun uygulamalar\u0131na da devam ediyor.<\/p>\n<p style=\"text-align: justify;\">Haseke Sosyal \u0130\u015fler M\u00fcd\u00fcrl\u00fc\u011f\u00fcne g\u00f6re, Rasul Ayn ve kuzey k\u0131rsaldaki ahaliden yakla\u015f\u0131k 50 bin ki\u015finin evlerinden zorla g\u00f6\u00e7 ettirildiklerini ve ge\u00e7ici ikamet merkezlerinde misafir olarak zorla oturtulduklar\u0131n\u0131, evlerinde ise i\u015fgalci T\u00fcrk kuvvetlerinin kiral\u0131klar\u0131n\u0131n oturdulduklar\u0131n\u0131 bu ikamet eden ki\u015filerin Halep k\u0131rsal\u0131 ve T\u00fcrkiye&#8217;den b\u00f6lgenin demografik yap\u0131s\u0131n\u0131 de\u011fi\u015ftirmek i\u00e7in planl\u0131 ve programl\u0131 bir \u015fekilde y\u00fcr\u00fct\u00fcld\u00fc\u011f\u00fcn\u00fc ifade etti.<\/p>\n<p style=\"text-align: justify;\">S\u00f6z konusu bask\u0131c\u0131 uygulamalar\u0131n b\u00f6lgede bulunan insanlar\u0131n evlerinden g\u00f6\u00e7 etmelerini sa\u011flamak, bunu da ka\u00e7\u0131rma, h\u0131rs\u0131zl\u0131k, silahl\u0131 soygun ve haklar\u0131nda ter\u00f6r uygulamak kanal\u0131yla evlerinden g\u00f6\u00e7 ettirilmeye zorlan\u0131yor ve mecbur ediliyor. Daha sonra i\u015fgalci T\u00fcrk kuvvetleri ve kiral\u0131klar\u0131 bu evleri istila ediyorlar.<\/p>\n<p style=\"text-align: justify;\">Haseke&#8217;den gelen Rasul Ayn ahalisi, evlerinin i\u015fgalci t\u00fcrk kuvvetlerinin getirdi\u011fi ailelerde dolduruldu\u011funu, bu eylemin T\u00fcrk rejimi istihbarat\u0131n\u0131n i\u015fraf\u0131yla g\u00f6\u00e7 ettirilmi\u015f ahalinin evlerine kiral\u0131klar\u0131n ailelerinin da\u011f\u0131t\u0131l\u0131p yerle\u015ftirildi\u011fini s\u00f6yl\u00fcyor.<\/p>\n<p style=\"text-align: justify;\">Ahali, semt evlerinin Erdo\u011fan kiral\u0131klar\u0131 taraf\u0131ndan el konuldu\u011funu, kiral\u0131klar\u0131n i\u015finin evleri istila etmek yan\u0131 s\u0131ra, ticari i\u015fyerlerine de s\u0131\u00e7rad\u0131\u011f\u0131n\u0131 \u00f6yleki,\u00a0 T\u00fcrk i\u015fgali i\u015fbirli\u011fiyle bo\u015f i\u015fyerleri i\u015ftigal ediliyor, a\u00e7\u0131l\u0131yor ve kendi \u00e7\u0131karlar\u0131 i\u00e7in kulland\u0131klar\u0131n\u0131 s\u00f6yl\u00fcyor.<\/p>\n<p style=\"text-align: justify;\">Ahali, \u0130\u015fgalci T\u00fcrk kuvvetlerinin b\u00f6lgede \u00f6rf ve adetleri de de\u011fi\u015ftirmeye \u00e7al\u0131\u015ft\u0131\u011f\u0131na i\u015faret etti.<\/p>\n","protected":false},"excerpt":{"rendered":"<p>HASEKE \u2013 \u0130\u015fgalci T\u00fcrk kuvvetleri ve ter\u00f6rist \u00f6rg\u00fctlerden kiral\u0131klar\u0131 Haseke&#8217;de i\u015fgal ettikleri b\u00f6lgelerde Suriyeli vatanda\u015flar hakk\u0131nda planl\u0131 g\u00f6\u00e7 ettirme politikas\u0131 uygulamay\u0131 s\u00fcrd\u00fcrmesi yan\u0131 s\u0131ra ahali ve m\u00fclkleri hakk\u0131nda \u00f6ld\u00fcrme, ya\u011fmalama, adam ka\u00e7\u0131rma ve silahl\u0131 soygun uygulamalar\u0131na da devam ediyor. Haseke Sosyal \u0130\u015fler M\u00fcd\u00fcrl\u00fc\u011f\u00fcne g\u00f6re, Rasul Ayn ve kuzey k\u0131rsaldaki ahaliden yakla\u015f\u0131k 50 bin ki\u015finin evlerinden &hellip;<\/p>\n","protected":false},"author":1,"featured_media":208561,"comment_status":"closed","ping_status":"closed","sticky":false,"template":"","format":"standard","meta":{"footnotes":""},"categories":[479,575,17988,2554,2555,478],"tags":[],"class_list":["post-208560","post","type-post","status-publish","format-standard","has-post-thumbnail","","category-haberler-yerel","category-olaylar-ve-gercekler","category-son-haberler","category-suriye-ve-dunya","category-suriye-ve-turkiye","category-yerel"],"_links":{"self":[{"href":"https:\/\/archive.sana.sy\/tr\/index.php?rest_route=\/wp\/v2\/posts\/208560","targetHints":{"allow":["GET"]}}],"collection":[{"href":"https:\/\/archive.sana.sy\/tr\/index.php?rest_route=\/wp\/v2\/posts"}],"about":[{"href":"https:\/\/archive.sana.sy\/tr\/index.php?rest_route=\/wp\/v2\/types\/post"}],"author":[{"embeddable":true,"href":"https:\/\/archive.sana.sy\/tr\/index.php?rest_route=\/wp\/v2\/users\/1"}],"replies":[{"embeddable":true,"href":"https:\/\/archive.sana.sy\/tr\/index.php?rest_route=%2Fwp%2Fv2%2Fcomments&post=208560"}],"version-history":[{"count":0,"href":"https:\/\/archive.sana.sy\/tr\/index.php?rest_route=\/wp\/v2\/posts\/208560\/revisions"}],"wp:featuredmedia":[{"embeddable":true,"href":"https:\/\/archive.sana.sy\/tr\/index.php?rest_route=\/wp\/v2\/media\/208561"}],"wp:attachment":[{"href":"https:\/\/archive.sana.sy\/tr\/index.php?rest_route=%2Fwp%2Fv2%2Fmedia&parent=208560"}],"wp:term":[{"taxonomy":"category","embeddable":true,"href":"https:\/\/archive.sana.sy\/tr\/index.php?rest_route=%2Fwp%2Fv2%2Fcategories&post=208560"},{"taxonomy":"post_tag","embeddable":true,"href":"https:\/\/archive.sana.sy\/tr\/index.php?rest_route=%2Fwp%2Fv2%2Ftags&post=208560"}],"curies":[{"name":"wp","href":"https:\/\/api.w.org\/{rel}","templated":true}]}}