{"id":208582,"date":"2020-05-07T23:03:52","date_gmt":"2020-05-07T20:03:52","guid":{"rendered":"http:\/\/www.sana.sy\/tr\/?p=208582"},"modified":"2020-05-09T08:30:08","modified_gmt":"2020-05-09T05:30:08","slug":"seyh-muhyiddinde-cuma-pazari-cok-sayida-urun-muhtelif-fiyatlar","status":"publish","type":"post","link":"https:\/\/archive.sana.sy\/tr\/?p=208582","title":{"rendered":"\u015eeyh Muhyiddin&#8217;de Cuma Pazar\u0131.. \u00c7ok Say\u0131da \u00dcr\u00fcn Muhtelif Fiyatlar"},"content":{"rendered":"<p style=\"text-align: justify;\">\u015eAM \u2013 \u015eam&#8217;\u0131n \u015eeyh Muhyiddin b\u00f6lgesindeki Cuma Pazar\u0131ndaki sebze, meyve, g\u0131da maddeleri, s\u00fct ve s\u00fct \u00fcr\u00fcnleri, konserve ve re\u00e7el \u00e7e\u015fitlerinin da\u011f\u0131l\u0131m\u0131 ve sergileni\u015f bi\u00e7imi vatanda\u015f\u0131 al\u0131\u015fveri\u015f yapmaya \u00e7ekiyor lakin yakla\u015f\u0131p ve fiyatlar\u0131 sorar sormaz bir ticaret mahallinden \u00f6tekisi aras\u0131ndaki fiyat farkl\u0131l\u0131\u011f\u0131, baz\u0131 sebze fiyatlar\u0131n\u0131n d\u00fc\u015fmesine ra\u011fmen \u00e7ok say\u0131da \u00fcr\u00fcn ve maldaki y\u00fcksek fiyatlara nazaran \u015fa\u015f\u0131r\u0131r kal\u0131r.<\/p>\n<p style=\"text-align: justify;\">SANA kameras\u0131 bug\u00fcn pazardayd\u0131 ve baz\u0131 ticaret mahalli sahipleriyle<a href=\"http:\/\/www.sana.sy\/tr\/wp-content\/uploads\/2020\/05\/5666.jpg\"><img loading=\"lazy\" decoding=\"async\" class=\"size-full wp-image-208587 alignright\" src=\"http:\/\/www.sana.sy\/tr\/wp-content\/uploads\/2020\/05\/5666.jpg\" alt=\"\" width=\"300\" height=\"195\" srcset=\"https:\/\/archive.sana.sy\/tr\/wp-content\/uploads\/2020\/05\/5666.jpg 300w, https:\/\/archive.sana.sy\/tr\/wp-content\/uploads\/2020\/05\/5666-150x98.jpg 150w\" sizes=\"auto, (max-width: 300px) 100vw, 300px\" \/><\/a> vatanda\u015flar\u0131n g\u00f6r\u00fc\u015flerini ald\u0131. Vatanda\u015flar, sebze ve meyve fiyatlar\u0131n\u0131n ticaret mahalli sahiplerinin g\u00f6r\u00fc\u015f\u00fcne g\u00f6re fiyatland\u0131r\u0131ld\u0131\u011f\u0131n\u0131, hi\u00e7bir g\u00f6zetimcinin bulunmad\u0131\u011f\u0131n\u0131 \u00f6rne\u011fin peynir fiyatlar\u0131n\u0131n bir yerden ba\u015fka bir yere nazaran de\u011fi\u015fti\u011fini, sabit bir fiyat\u0131n bulunmad\u0131\u011f\u0131n\u0131 her t\u00fcccar\u0131n kendine g\u00f6re fiyat koydu\u011funu vatanda\u015f\u0131n da mecburen fiyat ne olursa olsun ihtiya\u00e7lar\u0131n\u0131 sat\u0131n alaca\u011f\u0131n\u0131 \u00f6yle ki Cuma Pazar\u0131&#8217;n\u0131n di\u011fer pazarlardan daha merkametli kald\u0131\u011f\u0131na dikkat \u00e7ektiler.<\/p>\n<p style=\"text-align: justify;\">Bir ba\u015fka vatanda\u015f, ilk \u00f6nce pazara bir g\u00f6z gezdirerek m\u00fcnasip olan\u0131 sat\u0131n ald\u0131\u011f\u0131n\u0131, sat\u0131\u015flar\u0131n g\u00fcnden g\u00fcne ve hacete g\u00f6re fark etti\u011fini s\u00f6ylerken bir ba\u015fka vatanda\u015f, bu pazara her g\u00fcn geldi\u011fini, \u00fcr\u00fcnler, sebze ve meyve fiyatlar\u0131nda bir d\u00fc\u015f\u00fc\u015f\u00fcn olmas\u0131n\u0131 temenni etti\u011fini, tekelcili\u011fin fiyat art\u0131\u015flar\u0131nda temel sebebin oldu\u011funu dile getirdi.<\/p>\n<p style=\"text-align: justify;\">Kendileri y\u00f6n\u00fcnden ticaret mahal sahipleri ise \u00fcr\u00fcnlerin kayna\u011f\u0131ndan art\u0131\u015f\u0131<a href=\"http:\/\/www.sana.sy\/tr\/wp-content\/uploads\/2020\/05\/55666.jpg\"><img loading=\"lazy\" decoding=\"async\" class=\"size-medium wp-image-208588 alignright\" src=\"http:\/\/www.sana.sy\/tr\/wp-content\/uploads\/2020\/05\/55666-300x200.jpg\" alt=\"\" width=\"300\" height=\"200\" srcset=\"https:\/\/archive.sana.sy\/tr\/wp-content\/uploads\/2020\/05\/55666-300x200.jpg 300w, https:\/\/archive.sana.sy\/tr\/wp-content\/uploads\/2020\/05\/55666-150x100.jpg 150w, https:\/\/archive.sana.sy\/tr\/wp-content\/uploads\/2020\/05\/55666.jpg 660w\" sizes=\"auto, (max-width: 300px) 100vw, 300px\" \/><\/a> sebebiyle al\u0131\u015fveri\u015fin azald\u0131\u011f\u0131n\u0131, s\u00fct ve \u00fcr\u00fcnleri yerinin sahibi s\u00fct fiyatlar\u0131n\u0131n 340-450 lira aras\u0131nda oldu\u011funu, sebzeci de fiyatlar\u0131n d\u00fc\u015f\u00fc\u015f\u00fc sebebiyle m\u00fc\u015fterilerin artt\u0131\u011f\u0131n\u0131 \u00f6zellikle de salatatl\u0131k, kabak, patl\u0131can, bakla, marul, patates ve maydanoz fiyatlar\u0131n\u0131n d\u00fc\u015ft\u00fc\u011f\u00fcn\u00fc ancak domatesin fiyat\u0131n\u0131n halen y\u00fcksek oldu\u011funu dile getiriyor.<\/p>\n<p style=\"text-align: justify;\">Meyveci ise, fiyatlar\u0131n iki g\u00fcne nazaran biraz artt\u0131\u011f\u0131n\u0131 \u00f6zellikle de muz sat\u0131\u015flar\u0131n\u0131n bunun sonucunda d\u00fc\u015ft\u00fc\u011f\u00fcne dikkat \u00e7ekti.<\/p>\n<p style=\"text-align: justify;\">Yumurta ve hurma fiyatlar\u0131yla ilgiliyse yumurta sepeti fiyat\u0131n\u0131n yakla\u015f\u0131k 500 lira d\u00fc\u015ft\u00fc\u011f\u00fcn\u00fc, hurma fiyatlar\u0131n\u0131n ise 1500-3000 lira aras\u0131nda de\u011fi\u015fti\u011fi buna ra\u011fmen sat\u0131\u015f\u0131n\u0131n istenen d\u00fczeyde olmad\u0131\u011f\u0131 g\u00f6r\u00fcld\u00fc.<\/p>\n<p style=\"text-align: justify;\">Et sat\u0131\u015f yeri sahibi ise et fiyatlar\u0131n\u0131n bu d\u00f6nem i\u00e7erisinde az da olsa d\u00fc\u015ft\u00fc\u011f\u00fcn\u00fc, koyun eti fiyatlar\u0131n\u0131n 10-11 bin lira, tavuk etinin 1450, fileto fiyat\u0131n\u0131n 2000,\u00a0 but fiyat\u0131n\u0131n 1650, ci\u011fer fiyat\u0131n\u0131n ise 220 lira oldu\u011funu ve fiyatlar\u0131 da tavuk \u00e7iftliklerinin belirledi\u011fini vurguluyor.<\/p>\n","protected":false},"excerpt":{"rendered":"<p>\u015eAM \u2013 \u015eam&#8217;\u0131n \u015eeyh Muhyiddin b\u00f6lgesindeki Cuma Pazar\u0131ndaki sebze, meyve, g\u0131da maddeleri, s\u00fct ve s\u00fct \u00fcr\u00fcnleri, konserve ve re\u00e7el \u00e7e\u015fitlerinin da\u011f\u0131l\u0131m\u0131 ve sergileni\u015f bi\u00e7imi vatanda\u015f\u0131 al\u0131\u015fveri\u015f yapmaya \u00e7ekiyor lakin yakla\u015f\u0131p ve fiyatlar\u0131 sorar sormaz bir ticaret mahallinden \u00f6tekisi aras\u0131ndaki fiyat farkl\u0131l\u0131\u011f\u0131, baz\u0131 sebze fiyatlar\u0131n\u0131n d\u00fc\u015fmesine ra\u011fmen \u00e7ok say\u0131da \u00fcr\u00fcn ve maldaki y\u00fcksek fiyatlara nazaran \u015fa\u015f\u0131r\u0131r &hellip;<\/p>\n","protected":false},"author":1,"featured_media":208583,"comment_status":"closed","ping_status":"closed","sticky":false,"template":"","format":"standard","meta":{"footnotes":""},"categories":[596,526,479,17988,525,478],"tags":[],"class_list":["post-208582","post","type-post","status-publish","format-standard","has-post-thumbnail","","category-fotografli-raporlar","category-haber-ve-raporlar","category-haberler-yerel","category-son-haberler","category-toplum","category-yerel"],"_links":{"self":[{"href":"https:\/\/archive.sana.sy\/tr\/index.php?rest_route=\/wp\/v2\/posts\/208582","targetHints":{"allow":["GET"]}}],"collection":[{"href":"https:\/\/archive.sana.sy\/tr\/index.php?rest_route=\/wp\/v2\/posts"}],"about":[{"href":"https:\/\/archive.sana.sy\/tr\/index.php?rest_route=\/wp\/v2\/types\/post"}],"author":[{"embeddable":true,"href":"https:\/\/archive.sana.sy\/tr\/index.php?rest_route=\/wp\/v2\/users\/1"}],"replies":[{"embeddable":true,"href":"https:\/\/archive.sana.sy\/tr\/index.php?rest_route=%2Fwp%2Fv2%2Fcomments&post=208582"}],"version-history":[{"count":0,"href":"https:\/\/archive.sana.sy\/tr\/index.php?rest_route=\/wp\/v2\/posts\/208582\/revisions"}],"wp:featuredmedia":[{"embeddable":true,"href":"https:\/\/archive.sana.sy\/tr\/index.php?rest_route=\/wp\/v2\/media\/208583"}],"wp:attachment":[{"href":"https:\/\/archive.sana.sy\/tr\/index.php?rest_route=%2Fwp%2Fv2%2Fmedia&parent=208582"}],"wp:term":[{"taxonomy":"category","embeddable":true,"href":"https:\/\/archive.sana.sy\/tr\/index.php?rest_route=%2Fwp%2Fv2%2Fcategories&post=208582"},{"taxonomy":"post_tag","embeddable":true,"href":"https:\/\/archive.sana.sy\/tr\/index.php?rest_route=%2Fwp%2Fv2%2Ftags&post=208582"}],"curies":[{"name":"wp","href":"https:\/\/api.w.org\/{rel}","templated":true}]}}