{"id":208624,"date":"2020-05-08T13:23:45","date_gmt":"2020-05-08T10:23:45","guid":{"rendered":"http:\/\/www.sana.sy\/tr\/?p=208624"},"modified":"2020-05-10T08:23:12","modified_gmt":"2020-05-10T05:23:12","slug":"libya-ordusu-turk-rejimine-ait-bir-iha-dusurdu","status":"publish","type":"post","link":"https:\/\/archive.sana.sy\/tr\/?p=208624","title":{"rendered":"Libya Ordusu T\u00fcrk Rejimine Ait Bir \u0130HA D\u00fc\u015f\u00fcrd\u00fc"},"content":{"rendered":"<p>TRABLUS \u2013 Mare\u015fal Halife Hafter Komutas\u0131ndaki Ulusal Libya Ordusu bug\u00fcn, Ba\u015fkent Trablus&#8217;un bat\u0131s\u0131nda T\u00fcrk rejimine ait yeni bir \u0130nsans\u0131z Hava Arac\u0131 (\u0130HA) d\u00fc\u015f\u00fcrd\u00fc\u011f\u00fcn\u00fc ilan etti.<\/p>\n<p>Libya Ordusu Sava\u015f Medya \u015eubesi resmi Facebook sayfas\u0131nda, hava savunma platformlar\u0131n\u0131n el Vatiye \u00dcss\u00fcnde bir hava sald\u0131r\u0131s\u0131 ba\u015flatmaya \u00e7al\u0131\u015fan bir T\u00fcrk u\u00e7a\u011f\u0131n\u0131 d\u00fc\u015f\u00fcrd\u00fc\u011f\u00fcn\u00fc bildirdi.<\/p>\n<p>\u00c7eviri: M.Y. ve S.\u015e.<\/p>\n","protected":false},"excerpt":{"rendered":"<p>TRABLUS \u2013 Mare\u015fal Halife Hafter Komutas\u0131ndaki Ulusal Libya Ordusu bug\u00fcn, Ba\u015fkent Trablus&#8217;un bat\u0131s\u0131nda T\u00fcrk rejimine ait yeni bir \u0130nsans\u0131z Hava Arac\u0131 (\u0130HA) d\u00fc\u015f\u00fcrd\u00fc\u011f\u00fcn\u00fc ilan etti. Libya Ordusu Sava\u015f Medya \u015eubesi resmi Facebook sayfas\u0131nda, hava savunma platformlar\u0131n\u0131n el Vatiye \u00dcss\u00fcnde bir hava sald\u0131r\u0131s\u0131 ba\u015flatmaya \u00e7al\u0131\u015fan bir T\u00fcrk u\u00e7a\u011f\u0131n\u0131 d\u00fc\u015f\u00fcrd\u00fc\u011f\u00fcn\u00fc bildirdi. \u00c7eviri: M.Y. ve S.\u015e.<\/p>\n","protected":false},"author":36,"featured_media":208625,"comment_status":"closed","ping_status":"closed","sticky":false,"template":"","format":"standard","meta":{"footnotes":""},"categories":[458,459,17988],"tags":[],"class_list":["post-208624","post","type-post","status-publish","format-standard","has-post-thumbnail","","category-dunya1","category-haberler-arap-uluslararasi-politika","category-son-haberler"],"_links":{"self":[{"href":"https:\/\/archive.sana.sy\/tr\/index.php?rest_route=\/wp\/v2\/posts\/208624","targetHints":{"allow":["GET"]}}],"collection":[{"href":"https:\/\/archive.sana.sy\/tr\/index.php?rest_route=\/wp\/v2\/posts"}],"about":[{"href":"https:\/\/archive.sana.sy\/tr\/index.php?rest_route=\/wp\/v2\/types\/post"}],"author":[{"embeddable":true,"href":"https:\/\/archive.sana.sy\/tr\/index.php?rest_route=\/wp\/v2\/users\/36"}],"replies":[{"embeddable":true,"href":"https:\/\/archive.sana.sy\/tr\/index.php?rest_route=%2Fwp%2Fv2%2Fcomments&post=208624"}],"version-history":[{"count":0,"href":"https:\/\/archive.sana.sy\/tr\/index.php?rest_route=\/wp\/v2\/posts\/208624\/revisions"}],"wp:featuredmedia":[{"embeddable":true,"href":"https:\/\/archive.sana.sy\/tr\/index.php?rest_route=\/wp\/v2\/media\/208625"}],"wp:attachment":[{"href":"https:\/\/archive.sana.sy\/tr\/index.php?rest_route=%2Fwp%2Fv2%2Fmedia&parent=208624"}],"wp:term":[{"taxonomy":"category","embeddable":true,"href":"https:\/\/archive.sana.sy\/tr\/index.php?rest_route=%2Fwp%2Fv2%2Fcategories&post=208624"},{"taxonomy":"post_tag","embeddable":true,"href":"https:\/\/archive.sana.sy\/tr\/index.php?rest_route=%2Fwp%2Fv2%2Ftags&post=208624"}],"curies":[{"name":"wp","href":"https:\/\/api.w.org\/{rel}","templated":true}]}}