{"id":208634,"date":"2020-05-08T18:14:01","date_gmt":"2020-05-08T15:14:01","guid":{"rendered":"http:\/\/www.sana.sy\/tr\/?p=208634"},"modified":"2020-05-10T08:23:18","modified_gmt":"2020-05-10T05:23:18","slug":"sb-korona-viruslu-iki-yeni-vaka-kaydedildi","status":"publish","type":"post","link":"https:\/\/archive.sana.sy\/tr\/?p=208634","title":{"rendered":"Sa\u011fl\u0131k Bakanl\u0131\u011f\u0131: Tescil Edilen Korona Vir\u00fcs\u00fc Vakalar\u0131ndan \u0130kisi \u015eifa Buldu"},"content":{"rendered":"<p style=\"text-align: justify;\">\u015eAM &#8211; Sa\u011fl\u0131k Bakanl\u0131\u011f\u0131 bug\u00fcn, tescil edilen korona vir\u00fcs\u00fc vakalar\u0131ndan ikisinin \u015fifa buldu\u011funu b\u00f6ylece \u015fifa bulan vaka say\u0131s\u0131n\u0131n 29&#8217;a y\u00fckselmi\u015f oldu\u011funu ayr\u0131ca iki yeni korona vir\u00fcs vakas\u0131n\u0131n tescil edildi\u011fini ilan etti.<\/p>\n<p style=\"text-align: justify;\">Bakanl\u0131k yay\u0131nlad\u0131\u011f\u0131 ve SANA ajans\u0131n\u0131n bir n\u00fcshas\u0131n\u0131 ald\u0131\u011f\u0131 beyan\u0131nda, Suriye&#8217;de tescil edilen korona vir\u00fcs\u00fc vakalar\u0131ndan ikisinin bug\u00fcn \u015fifa buldu\u011funu, Suriye&#8217;de \u015fu ana kadar korona vir\u00fcs\u00fc tescil edilen vaka say\u0131s\u0131n\u0131n 47&#8217;ye ula\u015ft\u0131\u011f\u0131n\u0131 bunlardan 29&#8217;unun \u015fifa buldu\u011funu 3 vakan\u0131n da vefat etti\u011fini a\u00e7\u0131klad\u0131.<\/p>\n","protected":false},"excerpt":{"rendered":"<p>\u015eAM &#8211; Sa\u011fl\u0131k Bakanl\u0131\u011f\u0131 bug\u00fcn, tescil edilen korona vir\u00fcs\u00fc vakalar\u0131ndan ikisinin \u015fifa buldu\u011funu b\u00f6ylece \u015fifa bulan vaka say\u0131s\u0131n\u0131n 29&#8217;a y\u00fckselmi\u015f oldu\u011funu ayr\u0131ca iki yeni korona vir\u00fcs vakas\u0131n\u0131n tescil edildi\u011fini ilan etti. Bakanl\u0131k yay\u0131nlad\u0131\u011f\u0131 ve SANA ajans\u0131n\u0131n bir n\u00fcshas\u0131n\u0131 ald\u0131\u011f\u0131 beyan\u0131nda, Suriye&#8217;de tescil edilen korona vir\u00fcs\u00fc vakalar\u0131ndan ikisinin bug\u00fcn \u015fifa buldu\u011funu, Suriye&#8217;de \u015fu ana kadar korona &hellip;<\/p>\n","protected":false},"author":1,"featured_media":0,"comment_status":"closed","ping_status":"closed","sticky":false,"template":"","format":"standard","meta":{"footnotes":""},"categories":[526,479,17988,525,478],"tags":[],"class_list":["post-208634","post","type-post","status-publish","format-standard","","category-haber-ve-raporlar","category-haberler-yerel","category-son-haberler","category-toplum","category-yerel"],"_links":{"self":[{"href":"https:\/\/archive.sana.sy\/tr\/index.php?rest_route=\/wp\/v2\/posts\/208634","targetHints":{"allow":["GET"]}}],"collection":[{"href":"https:\/\/archive.sana.sy\/tr\/index.php?rest_route=\/wp\/v2\/posts"}],"about":[{"href":"https:\/\/archive.sana.sy\/tr\/index.php?rest_route=\/wp\/v2\/types\/post"}],"author":[{"embeddable":true,"href":"https:\/\/archive.sana.sy\/tr\/index.php?rest_route=\/wp\/v2\/users\/1"}],"replies":[{"embeddable":true,"href":"https:\/\/archive.sana.sy\/tr\/index.php?rest_route=%2Fwp%2Fv2%2Fcomments&post=208634"}],"version-history":[{"count":0,"href":"https:\/\/archive.sana.sy\/tr\/index.php?rest_route=\/wp\/v2\/posts\/208634\/revisions"}],"wp:attachment":[{"href":"https:\/\/archive.sana.sy\/tr\/index.php?rest_route=%2Fwp%2Fv2%2Fmedia&parent=208634"}],"wp:term":[{"taxonomy":"category","embeddable":true,"href":"https:\/\/archive.sana.sy\/tr\/index.php?rest_route=%2Fwp%2Fv2%2Fcategories&post=208634"},{"taxonomy":"post_tag","embeddable":true,"href":"https:\/\/archive.sana.sy\/tr\/index.php?rest_route=%2Fwp%2Fv2%2Ftags&post=208634"}],"curies":[{"name":"wp","href":"https:\/\/api.w.org\/{rel}","templated":true}]}}