{"id":20864,"date":"2015-01-15T13:27:07","date_gmt":"2015-01-15T11:27:07","guid":{"rendered":"http:\/\/sana.sy\/tr\/?p=20864"},"modified":"2015-01-15T13:27:07","modified_gmt":"2015-01-15T11:27:07","slug":"askeri-kaynak-ordu-ve-silahli-kuvvetlerimize-bagli-bir-birligin-homs-kirsali-telbise-kentinde-aralarinda-sozde-haci-suleyman-kasse-adli-keskin-nisancilarin-lideri-terorist-ile-tekfiri-bir-teror-orgut","status":"publish","type":"post","link":"https:\/\/archive.sana.sy\/tr\/?p=20864","title":{"rendered":"Askeri kaynak, ordu ve silahl\u0131 kuvvetlerimize ba\u011fl\u0131 bir birli\u011fin Homs k\u0131rsal\u0131 Telbise kentinde aralar\u0131nda s\u00f6zde Hac\u0131 S\u00fcleyman Ka\u015f\u015fe adl\u0131 keskin ni\u015fanc\u0131lar\u0131n lideri ter\u00f6rist ile tekfiri bir ter\u00f6r \u00f6rg\u00fct\u00fcn\u00fcn lideri olan Halit \u015eami adl\u0131 ter\u00f6ristin bulundu\u011fu 15 ter\u00f6risti \u00f6ld\u00fcrd\u00fcklerini belirtti."},"content":{"rendered":"<p>Askeri kaynak, ordu ve silahl\u0131 kuvvetlerimize ba\u011fl\u0131 bir birli\u011fin Homs k\u0131rsal\u0131 Telbise kentinde aralar\u0131nda s\u00f6zde Hac\u0131 S\u00fcleyman Ka\u015f\u015fe adl\u0131 keskin ni\u015fanc\u0131lar\u0131n lideri ter\u00f6rist ile tekfiri bir ter\u00f6r \u00f6rg\u00fct\u00fcn\u00fcn lideri olan Halit \u015eami adl\u0131 ter\u00f6ristin bulundu\u011fu 15 ter\u00f6risti \u00f6ld\u00fcrd\u00fcklerini belirtti.<\/p>\n","protected":false},"excerpt":{"rendered":"<p>Askeri kaynak, ordu ve silahl\u0131 kuvvetlerimize ba\u011fl\u0131 bir birli\u011fin Homs k\u0131rsal\u0131 Telbise kentinde aralar\u0131nda s\u00f6zde Hac\u0131 S\u00fcleyman Ka\u015f\u015fe adl\u0131 keskin ni\u015fanc\u0131lar\u0131n lideri ter\u00f6rist ile tekfiri bir ter\u00f6r \u00f6rg\u00fct\u00fcn\u00fcn lideri olan Halit \u015eami adl\u0131 ter\u00f6ristin bulundu\u011fu 15 ter\u00f6risti \u00f6ld\u00fcrd\u00fcklerini belirtti.<\/p>\n","protected":false},"author":1,"featured_media":0,"comment_status":"closed","ping_status":"closed","sticky":false,"template":"","format":"standard","meta":{"footnotes":""},"categories":[1],"tags":[1031,10094],"class_list":["post-20864","post","type-post","status-publish","format-standard","","category-news-not-sorted","tag-askeri-kaynak","tag-ordu-ve-silahli-kuvvetlerimize-bagli-bir-birligin-homs-kirsali-telbise-kentinde-aralarinda-sozde-haci-suleyman-kasse-adli-keskin-nisancilarin-lideri-terorist-ile-tekfiri-bir-teror-orgutunun-lideri-ola"],"_links":{"self":[{"href":"https:\/\/archive.sana.sy\/tr\/index.php?rest_route=\/wp\/v2\/posts\/20864","targetHints":{"allow":["GET"]}}],"collection":[{"href":"https:\/\/archive.sana.sy\/tr\/index.php?rest_route=\/wp\/v2\/posts"}],"about":[{"href":"https:\/\/archive.sana.sy\/tr\/index.php?rest_route=\/wp\/v2\/types\/post"}],"author":[{"embeddable":true,"href":"https:\/\/archive.sana.sy\/tr\/index.php?rest_route=\/wp\/v2\/users\/1"}],"replies":[{"embeddable":true,"href":"https:\/\/archive.sana.sy\/tr\/index.php?rest_route=%2Fwp%2Fv2%2Fcomments&post=20864"}],"version-history":[{"count":0,"href":"https:\/\/archive.sana.sy\/tr\/index.php?rest_route=\/wp\/v2\/posts\/20864\/revisions"}],"wp:attachment":[{"href":"https:\/\/archive.sana.sy\/tr\/index.php?rest_route=%2Fwp%2Fv2%2Fmedia&parent=20864"}],"wp:term":[{"taxonomy":"category","embeddable":true,"href":"https:\/\/archive.sana.sy\/tr\/index.php?rest_route=%2Fwp%2Fv2%2Fcategories&post=20864"},{"taxonomy":"post_tag","embeddable":true,"href":"https:\/\/archive.sana.sy\/tr\/index.php?rest_route=%2Fwp%2Fv2%2Ftags&post=20864"}],"curies":[{"name":"wp","href":"https:\/\/api.w.org\/{rel}","templated":true}]}}