{"id":20866,"date":"2015-01-15T21:02:44","date_gmt":"2015-01-15T19:02:44","guid":{"rendered":"http:\/\/sana.sy\/tr\/?p=20866"},"modified":"2015-01-16T19:20:02","modified_gmt":"2015-01-16T17:20:02","slug":"teroristlerin-idlib-dera-kunaytra-ve-homs-kirsallarindaki-agir-kayiplari-suruyor","status":"publish","type":"post","link":"https:\/\/archive.sana.sy\/tr\/?p=20866","title":{"rendered":"Ter\u00f6ristlerin \u0130dlib, Dera, Kunaytra ve Homs K\u0131rsallar\u0131ndaki A\u011f\u0131r Kay\u0131plar\u0131 S\u00fcr\u00fcyor"},"content":{"rendered":"<p>\u0130LLER \u2013 Ordu ve Silahl\u0131 kuvvetlerimizin \u0130dlib, Dera, Kunaytra ve Homs k\u0131rsallar\u0131nda tekfiri ter\u00f6rist \u00f6rg\u00fctlerin toplanma merkez ve h\u00fccrelerine y\u00f6nelik d\u00fczenledi\u011fi operasyonlar sonucunda baz\u0131lar\u0131 Suudi, Filistin, Tunus ve Libya uyruklular\u0131n bulundu\u011fu onlarca ter\u00f6risti \u00f6l\u00fc ve yaral\u0131 d\u00fc\u015f\u00fcrd\u00fc.<\/p>\n<p><span style=\"color: #0000ff\">\u0130dlib K\u0131rsal\u0131nda Nusra Cephesi H\u00fccrelerine A\u011f\u0131r Darbeler \u0130ndirildi<\/span><\/p>\n<p>Askeri kaynak, ordu birliklerimizin Dera k\u0131rsal\u0131nda K\u00f6rfez ve B\u00f6lgesel rejimlerden t\u00fcm destek \u015fekillerini alan Tekfiri \u00f6rg\u00fctler yan\u0131 s\u0131ra s\u00f6zde \u201c\u0130slami \u015eam \u00d6zg\u00fcrleri Hareketi\u201d ile \u201cNusra Cephesi\u201d ter\u00f6r \u00f6rg\u00fctleri h\u00fccrelerine a\u011f\u0131r darbeler indirdiklerini s\u00f6yledi.<\/p>\n<p>Kaynak SANA muhabirine a\u00e7\u0131klamalar\u0131nda, birliklerimizin \u0130dlib ili kuzeyindeki Patenti Beldesi \u00e7evresinde aralar\u0131nda Suudili ter\u00f6rist Abu M\u00fcsenna, Filistinli \u201cHuzeyma el Filistini\u201d adl\u0131 ter\u00f6ristlerin bulundu\u011fu 24 ter\u00f6risti \u00f6ld\u00fcrd\u00fcklerini ellerinde bulunan ve a\u011f\u0131r taramal\u0131 silahlarla donan\u0131ml\u0131 4 ara\u00e7lar\u0131n\u0131 da imha ettiklerini a\u00e7\u0131klad\u0131.<\/p>\n<p>Kaynak, s\u00f6z konusu belde de s\u00f6zde \u201c\u0130slami \u015eam \u00d6zg\u00fcrleri Hareketi\u201d ile \u201cNusra Cephesi\u201d, \u201c\u0130slami Cephe\u201d ve \u201cSuriye Devrimcileri\u201d adl\u0131 ter\u00f6rist \u00f6rg\u00fctlerinin yo\u011fun bir \u015fekilde bulunduklar\u0131na i\u015faret etti.<\/p>\n<p>Kaynak, bir di\u011fer ordu birli\u011fimizin, ge\u00e7mi\u015fi bir ka\u00e7 \u00e7a\u011fa ait olan tarihi eserlerini sabote etmek ve T\u00fcrkiye topraklar\u0131nda ticaretini yapmak \u00fczere tekfiri ter\u00f6r \u00f6rg\u00fctleri taraf\u0131ndan ter\u00f6r sald\u0131r\u0131lar\u0131na maruz kalan Eriha b\u00f6lgesinde aralar\u0131nda Z\u00fcheyr Re\u015fit Accan\u2019\u0131n da bulundu\u011fu 9 ter\u00f6risti \u00f6ld\u00fcrd\u00fcklerini ter\u00f6ristlere ait 2 ara\u00e7lar\u0131n\u0131 da imha ettiklerini belirtti.<\/p>\n<p>Kaynak, \u0130dlib\u2019in g\u00fcneyindeki Cebel el Zaviye Kensafra yak\u0131nlar\u0131ndaki h\u00fccrelerine operasyon d\u00fczenleyen ordu birliklerimizin \u00e7o\u011fu Tunus ve Libya uyruklu Nusra Cephesi adl\u0131 ter\u00f6r \u00f6rg\u00fct\u00fcne tabi \u00e7ok say\u0131da ter\u00f6risti \u00f6ld\u00fcrd\u00fcklerini h\u00fccrelerinin de imha edildi\u011fini s\u00f6yledi.<\/p>\n<p><span style=\"color: #0000ff\">Dera K\u0131rsal\u0131nda Ter\u00f6ristler A\u011f\u0131r Kay\u0131plara U\u011frat\u0131ld\u0131<\/span><\/p>\n<p>Askeri kaynak, ordu birliklerimizin d\u00fc\u015fman \u0130srail ile direkt koordineyle \u00e7al\u0131\u015fan ter\u00f6ristlerin saflar\u0131nda a\u011f\u0131r kay\u0131plar verdirdiklerini, Sanameyn kentine ba\u011fl\u0131 Zemrin beldesinde toplanma merkezleri ve h\u00fccrelerine y\u00f6nelik d\u00fczenledikleri operasyonlar sonucunda aralar\u0131nda \u201cAbu Nebut\u201d adl\u0131 ter\u00f6ristin bulundu\u011fu \u00e7ok say\u0131da ter\u00f6risti \u00f6ld\u00fcrd\u00fcklerini ifade etti.<\/p>\n<p>Kaynak, birliklerimizin Dera kuzeyindeki Lucat B\u00f6lgesi Resm el Dahr K\u00f6y\u00fcnde \u00e7ok say\u0131da ter\u00f6ristin \u00f6ld\u00fcr\u00fcld\u00fc\u011f\u00fcn\u00fc, ellerinde bulunan baz\u0131lar\u0131 a\u011f\u0131r taramal\u0131 silahlarla donat\u0131lm\u0131\u015f bir \u00e7ok arac\u0131 i\u00e7indekilerle birlikte etkisiz hale getirdiklerini s\u00f6yledi.<\/p>\n<p>Kayna\u011fa g\u00f6re, Dera ili merkezine 10 km uzakta olan Um el Meyazin K\u00f6y\u00fc K\u00f6pr\u00fc \u00e7evresinde tekfiri ter\u00f6rist \u00f6rg\u00fctlerden \u00e7ok say\u0131da ter\u00f6risti \u00f6l\u00fc ve yaral\u0131 d\u00fc\u015f\u00fcrerek s\u00fcrd\u00fcrd\u00fc\u011f\u00fc operasyonlar sonucunda bir ka\u00e7 toplanma merkezlerini de imha ettiklerini s\u00f6yledi.<\/p>\n<p>Dera Beled Baraj yolu \u00e7evresinde ise ter\u00f6ristlerin toplanma merkezlerine y\u00f6nelik d\u00fczenlenen etkili operasyonlar sonucunda tekfiri ter\u00f6ristlerden bir \u00e7o\u011funun \u00f6l\u00fc ve yaral\u0131 d\u00fc\u015f\u00fcr\u00fcld\u00fc\u011f\u00fcn\u00fc ellerindeki silah ve cephanenin de imha edildi\u011fini s\u00f6yledi.<\/p>\n<p><span style=\"color: #0000ff\">Kunaytra K\u0131rsal\u0131nda Ter\u00f6rist \u00d6rg\u00fctlere Yo\u011fun Darbeler \u0130ndirildi<\/span><\/p>\n<p>Askeri kaynak, ordu birliklerimizin Nusra Cephesi ter\u00f6r \u00f6rg\u00fct\u00fcne y\u00f6nelik Ha\u015fniye Nahiyesi\u2019ne ba\u011fl\u0131 Sayda el Golan\u2019da\u00a0d\u00fczenledi\u011fi yo\u011fun darbeler sonucunda \u00e7ok say\u0131da ter\u00f6ristin \u00f6l\u00fc ve yaral\u0131 d\u00fc\u015f\u00fcr\u00fclerek kulland\u0131klar\u0131 a\u011f\u0131r taramal\u0131 silahla donat\u0131lm\u0131\u015f bir ara\u00e7lar\u0131n\u0131 da imha ettiklerini s\u00f6yledi.<\/p>\n<p><span style=\"color: #0000ff\">Homs K\u0131rsal\u0131 Telbise\u2019de 15 Ter\u00f6rist \u00d6ld\u00fcr\u00fcld\u00fc<\/span><\/p>\n<p>Askeri kaynak, ordu ve silahl\u0131 kuvvetlerimize ba\u011fl\u0131 bir birli\u011fin Homs k\u0131rsal\u0131 Telbise kentinde aralar\u0131nda s\u00f6zde Hac\u0131 S\u00fcleyman Ka\u015f\u015fe adl\u0131 keskin ni\u015fanc\u0131lar\u0131n lideri ter\u00f6rist ile tekfiri bir ter\u00f6r \u00f6rg\u00fct\u00fcn\u00fcn lideri olan Halit \u015eami adl\u0131 ter\u00f6ristin bulundu\u011fu 15 ter\u00f6risti \u00f6ld\u00fcrd\u00fcklerini belirtti.<\/p>\n","protected":false},"excerpt":{"rendered":"<p>\u0130LLER \u2013 Ordu ve Silahl\u0131 kuvvetlerimizin \u0130dlib, Dera, Kunaytra ve Homs k\u0131rsallar\u0131nda tekfiri ter\u00f6rist \u00f6rg\u00fctlerin toplanma merkez ve h\u00fccrelerine y\u00f6nelik d\u00fczenledi\u011fi operasyonlar sonucunda baz\u0131lar\u0131 Suudi, Filistin, Tunus ve Libya uyruklular\u0131n bulundu\u011fu onlarca ter\u00f6risti \u00f6l\u00fc ve yaral\u0131 d\u00fc\u015f\u00fcrd\u00fc. \u0130dlib K\u0131rsal\u0131nda Nusra Cephesi H\u00fccrelerine A\u011f\u0131r Darbeler \u0130ndirildi Askeri kaynak, ordu birliklerimizin Dera k\u0131rsal\u0131nda K\u00f6rfez ve B\u00f6lgesel rejimlerden &hellip;<\/p>\n","protected":false},"author":1,"featured_media":20868,"comment_status":"closed","ping_status":"closed","sticky":false,"template":"","format":"standard","meta":{"footnotes":""},"categories":[575],"tags":[1295,10096,10095],"class_list":["post-20866","post","type-post","status-publish","format-standard","has-post-thumbnail","","category-olaylar-ve-gercekler","tag-dera","tag-kunaytra-ve-homs-kirsallarindaki-agir-kayiplari-suruyor","tag-teroristlerin-idlib"],"_links":{"self":[{"href":"https:\/\/archive.sana.sy\/tr\/index.php?rest_route=\/wp\/v2\/posts\/20866","targetHints":{"allow":["GET"]}}],"collection":[{"href":"https:\/\/archive.sana.sy\/tr\/index.php?rest_route=\/wp\/v2\/posts"}],"about":[{"href":"https:\/\/archive.sana.sy\/tr\/index.php?rest_route=\/wp\/v2\/types\/post"}],"author":[{"embeddable":true,"href":"https:\/\/archive.sana.sy\/tr\/index.php?rest_route=\/wp\/v2\/users\/1"}],"replies":[{"embeddable":true,"href":"https:\/\/archive.sana.sy\/tr\/index.php?rest_route=%2Fwp%2Fv2%2Fcomments&post=20866"}],"version-history":[{"count":0,"href":"https:\/\/archive.sana.sy\/tr\/index.php?rest_route=\/wp\/v2\/posts\/20866\/revisions"}],"wp:featuredmedia":[{"embeddable":true,"href":"https:\/\/archive.sana.sy\/tr\/index.php?rest_route=\/wp\/v2\/media\/20868"}],"wp:attachment":[{"href":"https:\/\/archive.sana.sy\/tr\/index.php?rest_route=%2Fwp%2Fv2%2Fmedia&parent=20866"}],"wp:term":[{"taxonomy":"category","embeddable":true,"href":"https:\/\/archive.sana.sy\/tr\/index.php?rest_route=%2Fwp%2Fv2%2Fcategories&post=20866"},{"taxonomy":"post_tag","embeddable":true,"href":"https:\/\/archive.sana.sy\/tr\/index.php?rest_route=%2Fwp%2Fv2%2Ftags&post=20866"}],"curies":[{"name":"wp","href":"https:\/\/api.w.org\/{rel}","templated":true}]}}