{"id":208689,"date":"2020-05-09T10:23:37","date_gmt":"2020-05-09T07:23:37","guid":{"rendered":"http:\/\/www.sana.sy\/tr\/?p=208689"},"modified":"2020-05-09T10:23:37","modified_gmt":"2020-05-09T07:23:37","slug":"gardinya-kizlar-korosu-korona-virusuyle-ilgili-sarkilarini-evlerinden-soylediler","status":"publish","type":"post","link":"https:\/\/archive.sana.sy\/tr\/?p=208689","title":{"rendered":"Gardinya K\u0131zlar Korosu Korona Vir\u00fcs\u00fcyle \u0130lgili \u015eark\u0131lar\u0131n\u0131 Evlerinden S\u00f6ylediler"},"content":{"rendered":"<p>Gardinya K\u0131zlar Korosu Korona Vir\u00fcs\u00fcyle \u0130lgili \u015eark\u0131lar\u0131n\u0131 Evlerinden S\u00f6ylediler<\/p>\n<p><iframe loading=\"lazy\" src=\"https:\/\/www.youtube.com\/embed\/6GUIdf6ZBGM\" width=\"620\" height=\"348\" frameborder=\"0\" allowfullscreen=\"allowfullscreen\"><\/iframe><\/p>\n","protected":false},"excerpt":{"rendered":"<p>Gardinya K\u0131zlar Korosu Korona Vir\u00fcs\u00fcyle \u0130lgili \u015eark\u0131lar\u0131n\u0131 Evlerinden S\u00f6ylediler<\/p>\n","protected":false},"author":36,"featured_media":208690,"comment_status":"closed","ping_status":"closed","sticky":false,"template":"","format":"standard","meta":{"footnotes":""},"categories":[18295],"tags":[],"class_list":["post-208689","post","type-post","status-publish","format-standard","has-post-thumbnail","","category-sana-video"],"_links":{"self":[{"href":"https:\/\/archive.sana.sy\/tr\/index.php?rest_route=\/wp\/v2\/posts\/208689","targetHints":{"allow":["GET"]}}],"collection":[{"href":"https:\/\/archive.sana.sy\/tr\/index.php?rest_route=\/wp\/v2\/posts"}],"about":[{"href":"https:\/\/archive.sana.sy\/tr\/index.php?rest_route=\/wp\/v2\/types\/post"}],"author":[{"embeddable":true,"href":"https:\/\/archive.sana.sy\/tr\/index.php?rest_route=\/wp\/v2\/users\/36"}],"replies":[{"embeddable":true,"href":"https:\/\/archive.sana.sy\/tr\/index.php?rest_route=%2Fwp%2Fv2%2Fcomments&post=208689"}],"version-history":[{"count":0,"href":"https:\/\/archive.sana.sy\/tr\/index.php?rest_route=\/wp\/v2\/posts\/208689\/revisions"}],"wp:featuredmedia":[{"embeddable":true,"href":"https:\/\/archive.sana.sy\/tr\/index.php?rest_route=\/wp\/v2\/media\/208690"}],"wp:attachment":[{"href":"https:\/\/archive.sana.sy\/tr\/index.php?rest_route=%2Fwp%2Fv2%2Fmedia&parent=208689"}],"wp:term":[{"taxonomy":"category","embeddable":true,"href":"https:\/\/archive.sana.sy\/tr\/index.php?rest_route=%2Fwp%2Fv2%2Fcategories&post=208689"},{"taxonomy":"post_tag","embeddable":true,"href":"https:\/\/archive.sana.sy\/tr\/index.php?rest_route=%2Fwp%2Fv2%2Ftags&post=208689"}],"curies":[{"name":"wp","href":"https:\/\/api.w.org\/{rel}","templated":true}]}}