{"id":208695,"date":"2020-05-09T10:39:43","date_gmt":"2020-05-09T07:39:43","guid":{"rendered":"http:\/\/www.sana.sy\/tr\/?p=208695"},"modified":"2020-05-10T08:23:33","modified_gmt":"2020-05-10T05:23:33","slug":"nazizme-karsi-zaferin-75-yildonumu-kutlamalari-basladi","status":"publish","type":"post","link":"https:\/\/archive.sana.sy\/tr\/?p=208695","title":{"rendered":"Nazizme Kar\u015f\u0131 Zaferin 75. Y\u0131ld\u00f6n\u00fcm\u00fc Kutlamalar\u0131 Ba\u015flad\u0131"},"content":{"rendered":"<p>MOSKOVA \u2013 Rusya&#8217;n\u0131n ba\u015fkenti Moskova&#8217;da bug\u00fcn, B\u00fcy\u00fck Ulusal Sava\u015f&#8217;ta Nazizme kar\u015f\u0131 zaferin 75. Y\u0131ld\u00f6n\u00fcm\u00fc m\u00fcnasebetiyle kutlamalar ba\u015flad\u0131.<\/p>\n<p>Kutlamalar bu y\u0131l korona vir\u00fcs salg\u0131n\u0131 sebebiyle hava g\u00f6sterileriyle s\u0131n\u0131rl\u0131 kal\u0131rken, 47 Rus \u015fehri ve yurtd\u0131\u015f\u0131ndaki Rus askeri \u00fcsleri bu m\u00fcnasebeti kutlamak amac\u0131yla askeri hava g\u00f6sterileri d\u00fczenlenecek.<\/p>\n<p>Rusya Bug\u00fcn internet sitesi Savunma Bakan\u0131 Sergey Shoygu&#8217;dan naklen, B\u00fcy\u00fck Ulusal Sava\u015f\u0131&#8217;ndaki zaferin y\u0131ld\u00f6n\u00fcm\u00fc m\u00fcnasebetiyle askeri ge\u00e7it t\u00f6reninin ana b\u00f6l\u00fcm\u00fcn\u00fcn ertelendi\u011fini belirterek, hava g\u00f6sterileri b\u00f6l\u00fcm\u00fcn\u00fcn tek bir olu\u015fumda Moskova&#8217;daki K\u0131z\u0131l Meydan \u00fczerinden 75 askeri u\u00e7ak ve helikopterin ayn\u0131 anda g\u00f6steri yapacaklar\u0131na i\u015faret etti.<\/p>\n<p>Bu g\u00fcn\u00fcn sonunda ise havai fi\u015fekler f\u0131rlat\u0131lacak, \u00f6l\u00fcms\u00fcz alay etkinli\u011fi video \u015feklinde d\u00fczenlenecek ve internette yay\u0131nlanacak. Kat\u0131l\u0131mc\u0131lar, B\u00fcy\u00fck Ulusal Sava\u015f\u0131&#8217;na kat\u0131lan akrabalar\u0131n\u0131n resimleriyle birlikte balkonlar\u0131na \u00e7\u0131kmaya davet edilecekler.<\/p>\n<p>Rusya her y\u0131l 9 May\u0131s&#8217;ta, B\u00fcy\u00fck Ulusal Sava\u015f&#8217;ta Nazi Almanya&#8217;s\u0131na kar\u015f\u0131 sa\u011flad\u0131\u011f\u0131 zaferi kutluyor.<\/p>\n<div id='gallery-1' class='gallery galleryid-208695 gallery-columns-1 gallery-size-full'><figure class='gallery-item'>\n\t\t\t<div class='gallery-icon landscape'>\n\t\t\t\t<a href='https:\/\/archive.sana.sy\/tr\/wp-content\/uploads\/2020\/05\/buten33.jpg'><img loading=\"lazy\" decoding=\"async\" width=\"660\" height=\"370\" src=\"https:\/\/archive.sana.sy\/tr\/wp-content\/uploads\/2020\/05\/buten33.jpg\" class=\"attachment-full size-full\" alt=\"\" srcset=\"https:\/\/archive.sana.sy\/tr\/wp-content\/uploads\/2020\/05\/buten33.jpg 660w, https:\/\/archive.sana.sy\/tr\/wp-content\/uploads\/2020\/05\/buten33-300x168.jpg 300w, https:\/\/archive.sana.sy\/tr\/wp-content\/uploads\/2020\/05\/buten33-150x84.jpg 150w\" sizes=\"auto, (max-width: 660px) 100vw, 660px\" \/><\/a>\n\t\t\t<\/div><\/figure><figure class='gallery-item'>\n\t\t\t<div class='gallery-icon landscape'>\n\t\t\t\t<a href='https:\/\/archive.sana.sy\/tr\/wp-content\/uploads\/2020\/05\/14-21.jpg'><img loading=\"lazy\" decoding=\"async\" width=\"660\" height=\"440\" src=\"https:\/\/archive.sana.sy\/tr\/wp-content\/uploads\/2020\/05\/14-21.jpg\" class=\"attachment-full size-full\" alt=\"\" srcset=\"https:\/\/archive.sana.sy\/tr\/wp-content\/uploads\/2020\/05\/14-21.jpg 660w, https:\/\/archive.sana.sy\/tr\/wp-content\/uploads\/2020\/05\/14-21-300x200.jpg 300w, https:\/\/archive.sana.sy\/tr\/wp-content\/uploads\/2020\/05\/14-21-150x100.jpg 150w\" sizes=\"auto, (max-width: 660px) 100vw, 660px\" \/><\/a>\n\t\t\t<\/div><\/figure>\n\t\t<\/div>\n\n","protected":false},"excerpt":{"rendered":"<p>MOSKOVA \u2013 Rusya&#8217;n\u0131n ba\u015fkenti Moskova&#8217;da bug\u00fcn, B\u00fcy\u00fck Ulusal Sava\u015f&#8217;ta Nazizme kar\u015f\u0131 zaferin 75. Y\u0131ld\u00f6n\u00fcm\u00fc m\u00fcnasebetiyle kutlamalar ba\u015flad\u0131. Kutlamalar bu y\u0131l korona vir\u00fcs salg\u0131n\u0131 sebebiyle hava g\u00f6sterileriyle s\u0131n\u0131rl\u0131 kal\u0131rken, 47 Rus \u015fehri ve yurtd\u0131\u015f\u0131ndaki Rus askeri \u00fcsleri bu m\u00fcnasebeti kutlamak amac\u0131yla askeri hava g\u00f6sterileri d\u00fczenlenecek. Rusya Bug\u00fcn internet sitesi Savunma Bakan\u0131 Sergey Shoygu&#8217;dan naklen, B\u00fcy\u00fck Ulusal &hellip;<\/p>\n","protected":false},"author":1,"featured_media":208699,"comment_status":"closed","ping_status":"closed","sticky":false,"template":"","format":"standard","meta":{"footnotes":""},"categories":[458,459,17988],"tags":[],"class_list":["post-208695","post","type-post","status-publish","format-standard","has-post-thumbnail","","category-dunya1","category-haberler-arap-uluslararasi-politika","category-son-haberler"],"_links":{"self":[{"href":"https:\/\/archive.sana.sy\/tr\/index.php?rest_route=\/wp\/v2\/posts\/208695","targetHints":{"allow":["GET"]}}],"collection":[{"href":"https:\/\/archive.sana.sy\/tr\/index.php?rest_route=\/wp\/v2\/posts"}],"about":[{"href":"https:\/\/archive.sana.sy\/tr\/index.php?rest_route=\/wp\/v2\/types\/post"}],"author":[{"embeddable":true,"href":"https:\/\/archive.sana.sy\/tr\/index.php?rest_route=\/wp\/v2\/users\/1"}],"replies":[{"embeddable":true,"href":"https:\/\/archive.sana.sy\/tr\/index.php?rest_route=%2Fwp%2Fv2%2Fcomments&post=208695"}],"version-history":[{"count":0,"href":"https:\/\/archive.sana.sy\/tr\/index.php?rest_route=\/wp\/v2\/posts\/208695\/revisions"}],"wp:featuredmedia":[{"embeddable":true,"href":"https:\/\/archive.sana.sy\/tr\/index.php?rest_route=\/wp\/v2\/media\/208699"}],"wp:attachment":[{"href":"https:\/\/archive.sana.sy\/tr\/index.php?rest_route=%2Fwp%2Fv2%2Fmedia&parent=208695"}],"wp:term":[{"taxonomy":"category","embeddable":true,"href":"https:\/\/archive.sana.sy\/tr\/index.php?rest_route=%2Fwp%2Fv2%2Fcategories&post=208695"},{"taxonomy":"post_tag","embeddable":true,"href":"https:\/\/archive.sana.sy\/tr\/index.php?rest_route=%2Fwp%2Fv2%2Ftags&post=208695"}],"curies":[{"name":"wp","href":"https:\/\/api.w.org\/{rel}","templated":true}]}}