{"id":208704,"date":"2020-05-09T10:30:09","date_gmt":"2020-05-09T07:30:09","guid":{"rendered":"http:\/\/www.sana.sy\/tr\/?p=208704"},"modified":"2020-05-10T08:23:26","modified_gmt":"2020-05-10T05:23:26","slug":"valenta-suriyeye-uygulanan-batili-yaptirimlar-insanlik-disidir","status":"publish","type":"post","link":"https:\/\/archive.sana.sy\/tr\/?p=208704","title":{"rendered":"Valenta: Suriye\u2019ye Uygulanan Bat\u0131l\u0131 Yapt\u0131r\u0131mlar \u0130nsanl\u0131k D\u0131\u015f\u0131d\u0131r"},"content":{"rendered":"<p>PRAG \u2013 \u00c7ek Parlamentosu \u00dcyesi Yerci Valenta, Suriye\u2019ye uygulanan Bat\u0131l\u0131 tek tarafl\u00ef zorlay\u0131c\u0131 ekonomik yapt\u0131r\u0131mlar\u0131 k\u0131nad\u0131 ve \u201cinsanl\u0131k d\u0131\u015f\u0131, mant\u0131k ve anlamdan yoksun\u201d oldu\u011funu vurgulad\u0131.<\/p>\n<p>Prag SANA muhabirine bug\u00fcn yapt\u0131\u011f\u0131 a\u00e7\u0131klamada Valenta, d\u00fcnyay\u0131 ve birincil kaynaklar\u0131n\u0131 kontrol etmeye hevesli olan ABD\u2019nin, belirli hedeflere ula\u015fmay\u0131 ama\u00e7layan bu icraat\u0131n ba\u015f rol\u00fcn\u00fc ald\u0131\u011f\u0131n\u0131 belirtti.<\/p>\n<p>\u00c7ek Parlamentosu, Avrupa \u00fclkelerinin \u00f6zellikle Bat\u0131l\u0131 \u00fclkeler ABD\u2019ye ba\u011fl\u0131 oldu\u011funu i\u015faret etti.<\/p>\n<p>\u00c7eviri: M.Y. ve S.\u015e.<\/p>\n","protected":false},"excerpt":{"rendered":"<p>PRAG \u2013 \u00c7ek Parlamentosu \u00dcyesi Yerci Valenta, Suriye\u2019ye uygulanan Bat\u0131l\u0131 tek tarafl\u00ef zorlay\u0131c\u0131 ekonomik yapt\u0131r\u0131mlar\u0131 k\u0131nad\u0131 ve \u201cinsanl\u0131k d\u0131\u015f\u0131, mant\u0131k ve anlamdan yoksun\u201d oldu\u011funu vurgulad\u0131. Prag SANA muhabirine bug\u00fcn yapt\u0131\u011f\u0131 a\u00e7\u0131klamada Valenta, d\u00fcnyay\u0131 ve birincil kaynaklar\u0131n\u0131 kontrol etmeye hevesli olan ABD\u2019nin, belirli hedeflere ula\u015fmay\u0131 ama\u00e7layan bu icraat\u0131n ba\u015f rol\u00fcn\u00fc ald\u0131\u011f\u0131n\u0131 belirtti. \u00c7ek Parlamentosu, Avrupa \u00fclkelerinin &hellip;<\/p>\n","protected":false},"author":36,"featured_media":208705,"comment_status":"closed","ping_status":"closed","sticky":false,"template":"","format":"standard","meta":{"footnotes":""},"categories":[458,459,17988],"tags":[],"class_list":["post-208704","post","type-post","status-publish","format-standard","has-post-thumbnail","","category-dunya1","category-haberler-arap-uluslararasi-politika","category-son-haberler"],"_links":{"self":[{"href":"https:\/\/archive.sana.sy\/tr\/index.php?rest_route=\/wp\/v2\/posts\/208704","targetHints":{"allow":["GET"]}}],"collection":[{"href":"https:\/\/archive.sana.sy\/tr\/index.php?rest_route=\/wp\/v2\/posts"}],"about":[{"href":"https:\/\/archive.sana.sy\/tr\/index.php?rest_route=\/wp\/v2\/types\/post"}],"author":[{"embeddable":true,"href":"https:\/\/archive.sana.sy\/tr\/index.php?rest_route=\/wp\/v2\/users\/36"}],"replies":[{"embeddable":true,"href":"https:\/\/archive.sana.sy\/tr\/index.php?rest_route=%2Fwp%2Fv2%2Fcomments&post=208704"}],"version-history":[{"count":0,"href":"https:\/\/archive.sana.sy\/tr\/index.php?rest_route=\/wp\/v2\/posts\/208704\/revisions"}],"wp:featuredmedia":[{"embeddable":true,"href":"https:\/\/archive.sana.sy\/tr\/index.php?rest_route=\/wp\/v2\/media\/208705"}],"wp:attachment":[{"href":"https:\/\/archive.sana.sy\/tr\/index.php?rest_route=%2Fwp%2Fv2%2Fmedia&parent=208704"}],"wp:term":[{"taxonomy":"category","embeddable":true,"href":"https:\/\/archive.sana.sy\/tr\/index.php?rest_route=%2Fwp%2Fv2%2Fcategories&post=208704"},{"taxonomy":"post_tag","embeddable":true,"href":"https:\/\/archive.sana.sy\/tr\/index.php?rest_route=%2Fwp%2Fv2%2Ftags&post=208704"}],"curies":[{"name":"wp","href":"https:\/\/api.w.org\/{rel}","templated":true}]}}