{"id":20871,"date":"2015-01-15T17:05:13","date_gmt":"2015-01-15T15:05:13","guid":{"rendered":"http:\/\/sana.sy\/tr\/?p=20871"},"modified":"2015-01-15T17:05:13","modified_gmt":"2015-01-15T15:05:13","slug":"lahham-basari-icin-ulusal-uzlasma-zorunlu-bir-surectir","status":"publish","type":"post","link":"https:\/\/archive.sana.sy\/tr\/?p=20871","title":{"rendered":"Lahham: Ba\u015far\u0131 \u0130\u00e7in Ulusal Uzla\u015fma Zorunlu Bir S\u00fcre\u00e7tir"},"content":{"rendered":"<p>\u015eAM \u2013 Halk Meclisi Ba\u015fkan\u0131 Muhammed Cihat el Lahham; ter\u00f6rle m\u00fccadele, krizden \u00e7\u0131k\u0131\u015f\u0131n ba\u015far\u0131s\u0131 ve toplumsal dokunun yeniden olu\u015fturulmas\u0131 i\u00e7in ulusal uzla\u015fman\u0131n zorunlu bir s\u00fcre\u00e7 oldu\u011funu ifade etti.<\/p>\n<p>Bug\u00fcn \u015eam K\u0131rsal\u0131n\u0131n Sahnaya ve E\u015frefiye beldelerinden; din adamlar\u0131, toplumsal temsilciler, siyasi parti temsilcileri ve Ulusal Uzla\u015fma Komisyonu \u00fcyelerinden olu\u015fan bir heyetle bir araya gelen Lahham; H\u00fck\u00fcmetin \u00fclkenin her b\u00f6lgesinde ulusal uzla\u015fma s\u00fcrecini destekledi\u011fine dikkat \u00e7ekti.<\/p>\n<p>Ulusal uzla\u015fma s\u00fcrecinin ba\u015far\u0131ya ula\u015fmas\u0131nda sivil toplum \u00f6rg\u00fctlerinin \u00f6nemli bir misyonu oldu\u011funa i\u015faret eden Lahham; Suriye halk\u0131 aras\u0131nda kapsaml\u0131 diyalogun ba\u015flamas\u0131 i\u00e7in m\u00fcmk\u00fcn olan b\u00fct\u00fcn \u00e7aban\u0131n harcanmas\u0131 \u00e7a\u011fr\u0131s\u0131nda bulundu.<\/p>\n<p>Ulusal uzla\u015fman\u0131n vatan topraklar\u0131n\u0131n ve Suriye halk\u0131n\u0131n birlik ve b\u00fct\u00fcnl\u00fc\u011f\u00fc temelinde olaca\u011f\u0131n\u0131 dile getiren Lahham; vatan topraklar\u0131n\u0131 ve evlatlar\u0131n\u0131 par\u00e7alay\u0131p y\u0131kmaya \u00e7al\u0131\u015fan tekfirci ter\u00f6ristlerle uzla\u015fman\u0131n s\u00f6z konusu olamayaca\u011f\u0131n\u0131n alt\u0131n\u0131 \u00e7izdi.<\/p>\n<p>Halk Meclisi Ulusal Uzla\u015fma Komisyonunun Ulusal Uzla\u015fma Bakanl\u0131\u011f\u0131n\u0131n yan\u0131 s\u0131ra din adamlar\u0131 ve toplumsal temsilciler ile i\u015fbirli\u011fi i\u00e7erisinde vatan\u0131 \u015fefkatli kuca\u011f\u0131na d\u00f6nmek isteyenlerin yolunu a\u00e7mak i\u00e7in \u00e7al\u0131\u015ft\u0131\u011f\u0131na de\u011finen Lahham; vatansever \u015fahsiyetler ve toplumsal temsilciler arac\u0131l\u0131\u011f\u0131yla s\u00fcrd\u00fcr\u00fclen ulusal uzla\u015fma s\u00fcrecinin vatan savunmas\u0131n\u0131n ayr\u0131lmaz bir par\u00e7as\u0131n\u0131 te\u015fkil etti\u011fini vurgulad\u0131.<\/p>\n","protected":false},"excerpt":{"rendered":"<p>\u015eAM \u2013 Halk Meclisi Ba\u015fkan\u0131 Muhammed Cihat el Lahham; ter\u00f6rle m\u00fccadele, krizden \u00e7\u0131k\u0131\u015f\u0131n ba\u015far\u0131s\u0131 ve toplumsal dokunun yeniden olu\u015fturulmas\u0131 i\u00e7in ulusal uzla\u015fman\u0131n zorunlu bir s\u00fcre\u00e7 oldu\u011funu ifade etti. Bug\u00fcn \u015eam K\u0131rsal\u0131n\u0131n Sahnaya ve E\u015frefiye beldelerinden; din adamlar\u0131, toplumsal temsilciler, siyasi parti temsilcileri ve Ulusal Uzla\u015fma Komisyonu \u00fcyelerinden olu\u015fan bir heyetle bir araya gelen Lahham; H\u00fck\u00fcmetin &hellip;<\/p>\n","protected":false},"author":1,"featured_media":20872,"comment_status":"closed","ping_status":"closed","sticky":false,"template":"","format":"standard","meta":{"footnotes":""},"categories":[479,478],"tags":[10098,10097,10100,10099],"class_list":["post-20871","post","type-post","status-publish","format-standard","has-post-thumbnail","","category-haberler-yerel","category-yerel","tag-krizden-cikisin-basarisi-ve-toplumsal-dokunun-yeniden-olusturulmasi-icin-ulusal-uzlasmanin-zorunlu-bir-surec-oldugunu-ifade-etti-bugun-sam-kirsalinin-sahnaya-ve-esrefiye-beldelerinden-din-adamlari","tag-lahham-basari-icin-ulusal-uzlasma-zorunlu-bir-surectir-sam-halk-meclisi-baskani-muhammed-cihat-el-lahham-terorle-mucadele","tag-siyasi-parti-temsilcileri-ve-ulusal-uzlasma-komisyonu-uyelerinden-olusan-bir-heyetle-bir-araya-gelen-lahham-hukumetin-ulkenin-her-bolgesinde-ulusal-uzlasma-surecini-destekledigine-dikkat-cekti-ulusa","tag-toplumsal-temsilciler"],"_links":{"self":[{"href":"https:\/\/archive.sana.sy\/tr\/index.php?rest_route=\/wp\/v2\/posts\/20871","targetHints":{"allow":["GET"]}}],"collection":[{"href":"https:\/\/archive.sana.sy\/tr\/index.php?rest_route=\/wp\/v2\/posts"}],"about":[{"href":"https:\/\/archive.sana.sy\/tr\/index.php?rest_route=\/wp\/v2\/types\/post"}],"author":[{"embeddable":true,"href":"https:\/\/archive.sana.sy\/tr\/index.php?rest_route=\/wp\/v2\/users\/1"}],"replies":[{"embeddable":true,"href":"https:\/\/archive.sana.sy\/tr\/index.php?rest_route=%2Fwp%2Fv2%2Fcomments&post=20871"}],"version-history":[{"count":0,"href":"https:\/\/archive.sana.sy\/tr\/index.php?rest_route=\/wp\/v2\/posts\/20871\/revisions"}],"wp:featuredmedia":[{"embeddable":true,"href":"https:\/\/archive.sana.sy\/tr\/index.php?rest_route=\/wp\/v2\/media\/20872"}],"wp:attachment":[{"href":"https:\/\/archive.sana.sy\/tr\/index.php?rest_route=%2Fwp%2Fv2%2Fmedia&parent=20871"}],"wp:term":[{"taxonomy":"category","embeddable":true,"href":"https:\/\/archive.sana.sy\/tr\/index.php?rest_route=%2Fwp%2Fv2%2Fcategories&post=20871"},{"taxonomy":"post_tag","embeddable":true,"href":"https:\/\/archive.sana.sy\/tr\/index.php?rest_route=%2Fwp%2Fv2%2Ftags&post=20871"}],"curies":[{"name":"wp","href":"https:\/\/api.w.org\/{rel}","templated":true}]}}