{"id":208724,"date":"2020-05-09T17:53:57","date_gmt":"2020-05-09T14:53:57","guid":{"rendered":"http:\/\/www.sana.sy\/tr\/?p=208724"},"modified":"2020-05-10T08:23:45","modified_gmt":"2020-05-10T05:23:45","slug":"ulastirma-bakanligi-halepte-yolcu-trenlerini-yeniden-calistiriyor","status":"publish","type":"post","link":"https:\/\/archive.sana.sy\/tr\/?p=208724","title":{"rendered":"Ula\u015ft\u0131rma Bakanl\u0131\u011f\u0131 Halep&#8217;te Yolcu Trenlerini Yeniden \u00c7al\u0131\u015ft\u0131r\u0131yor"},"content":{"rendered":"<p>\u015eAM \u2013 Ula\u015ft\u0131rma Bakanl\u0131\u011f\u0131 bug\u00fcn Halep&#8217;te yolcu trenlerini yar\u0131ndan itibaren korona vir\u00fcse kar\u015f\u0131 koymak i\u00e7in t\u00fcm sa\u011fl\u0131k \u015fartlar\u0131, kalabal\u0131\u011fa s\u0131n\u0131r koyma ve uzakla\u015fma kurallar\u0131n\u0131 yerine getirerek yeniden \u00e7al\u0131\u015ft\u0131rma karar\u0131 ald\u0131\u011f\u0131n\u0131 ilan etti\u00a0 .<\/p>\n<p>Bakanl\u0131k yay\u0131nlad\u0131\u011f\u0131 beyanda, Tartus ve Lazkiye illeri aras\u0131ndaki teren seferlerini bu ay\u0131n 31&#8217;inden itibaren \u00fcniversite ve enstit\u00fclerin devam\u0131yla birlikte ba\u015flatma karar\u0131 ald\u0131.<\/p>\n","protected":false},"excerpt":{"rendered":"<p>\u015eAM \u2013 Ula\u015ft\u0131rma Bakanl\u0131\u011f\u0131 bug\u00fcn Halep&#8217;te yolcu trenlerini yar\u0131ndan itibaren korona vir\u00fcse kar\u015f\u0131 koymak i\u00e7in t\u00fcm sa\u011fl\u0131k \u015fartlar\u0131, kalabal\u0131\u011fa s\u0131n\u0131r koyma ve uzakla\u015fma kurallar\u0131n\u0131 yerine getirerek yeniden \u00e7al\u0131\u015ft\u0131rma karar\u0131 ald\u0131\u011f\u0131n\u0131 ilan etti\u00a0 . Bakanl\u0131k yay\u0131nlad\u0131\u011f\u0131 beyanda, Tartus ve Lazkiye illeri aras\u0131ndaki teren seferlerini bu ay\u0131n 31&#8217;inden itibaren \u00fcniversite ve enstit\u00fclerin devam\u0131yla birlikte ba\u015flatma karar\u0131 ald\u0131.<\/p>\n","protected":false},"author":1,"featured_media":208725,"comment_status":"closed","ping_status":"closed","sticky":false,"template":"","format":"standard","meta":{"footnotes":""},"categories":[526,479,17988,525,478],"tags":[],"class_list":["post-208724","post","type-post","status-publish","format-standard","has-post-thumbnail","","category-haber-ve-raporlar","category-haberler-yerel","category-son-haberler","category-toplum","category-yerel"],"_links":{"self":[{"href":"https:\/\/archive.sana.sy\/tr\/index.php?rest_route=\/wp\/v2\/posts\/208724","targetHints":{"allow":["GET"]}}],"collection":[{"href":"https:\/\/archive.sana.sy\/tr\/index.php?rest_route=\/wp\/v2\/posts"}],"about":[{"href":"https:\/\/archive.sana.sy\/tr\/index.php?rest_route=\/wp\/v2\/types\/post"}],"author":[{"embeddable":true,"href":"https:\/\/archive.sana.sy\/tr\/index.php?rest_route=\/wp\/v2\/users\/1"}],"replies":[{"embeddable":true,"href":"https:\/\/archive.sana.sy\/tr\/index.php?rest_route=%2Fwp%2Fv2%2Fcomments&post=208724"}],"version-history":[{"count":0,"href":"https:\/\/archive.sana.sy\/tr\/index.php?rest_route=\/wp\/v2\/posts\/208724\/revisions"}],"wp:featuredmedia":[{"embeddable":true,"href":"https:\/\/archive.sana.sy\/tr\/index.php?rest_route=\/wp\/v2\/media\/208725"}],"wp:attachment":[{"href":"https:\/\/archive.sana.sy\/tr\/index.php?rest_route=%2Fwp%2Fv2%2Fmedia&parent=208724"}],"wp:term":[{"taxonomy":"category","embeddable":true,"href":"https:\/\/archive.sana.sy\/tr\/index.php?rest_route=%2Fwp%2Fv2%2Fcategories&post=208724"},{"taxonomy":"post_tag","embeddable":true,"href":"https:\/\/archive.sana.sy\/tr\/index.php?rest_route=%2Fwp%2Fv2%2Ftags&post=208724"}],"curies":[{"name":"wp","href":"https:\/\/api.w.org\/{rel}","templated":true}]}}