{"id":208731,"date":"2020-05-09T22:46:26","date_gmt":"2020-05-09T19:46:26","guid":{"rendered":"http:\/\/www.sana.sy\/tr\/?p=208731"},"modified":"2020-06-02T20:16:38","modified_gmt":"2020-06-02T17:16:38","slug":"erdoganin-parali-askeri-suriyenin-altyapisini-yok-etmeye-devam-ediyor-en-son-zeyzun-termik-santrali","status":"publish","type":"post","link":"https:\/\/archive.sana.sy\/tr\/?p=208731","title":{"rendered":"Erdo\u011fan\u2019\u0131n Paral\u0131 Askeri, Suriye\u2019nin Altyap\u0131s\u0131n\u0131 Yok Etmeye Devam Ediyor&#8230; En Son Zeyzun Termik Santral\u0131 (V\u0130DEO)"},"content":{"rendered":"<p>\u015eAM \u2013 Zeyzun termik santral\u0131n\u0131n kulesini \u0130mha etme eylemi ter\u00f6r \u00f6rg\u00fctlerinin i\u015fledikleri ilk su\u00e7 de\u011fildi. Suriye\u2019nin Altyap\u0131s\u0131n\u0131 talan etmek ve imha etmek ter\u00f6r \u00f6rg\u00fctlerinin izledi\u011fi y\u00f6ntemdir. Erdo\u011fan rejiminin destekledi\u011fi \u00a0bu ter\u00f6r \u00f6rg\u00fctleri, Erdo\u011fan\u2019\u0131n planlar\u0131 ve Suriye\u2019deki Osmanl\u0131 h\u0131rs\u0131n\u0131 hizmetinde Suriye ve Suriye halk\u0131 hakk\u0131nda y\u0131llard\u0131r su\u00e7lar i\u015fledi, fabrikalar\u0131 ve altyap\u0131y\u0131 \u00e7ald\u0131.<\/p>\n<p>Birka\u00e7 g\u00fcn \u00f6nce T\u00fcrkistan Partisi ter\u00f6ristleri, \u0130hvanc\u0131 T\u00fcrk rejimi taraf\u0131ndan verilen Suriye bereketlerini \u00e7almada g\u00f6revini yerine getirerek \u0130dlip\u2019teki Zeyzun termik santral\u0131n\u0131 imha etti.<\/p>\n<p>1998 y\u0131l\u0131nda in\u015fa edilen santral ge\u00e7en y\u0131llar boyunca Erdo\u011fan ter\u00f6ristlerince hep \u00e7alma ve talan etme eylemlerine maruz kalm\u0131\u015ft\u0131. Elektrik \u00fcretme cihazlar\u0131, elektronik ve elektrik gere\u00e7ler yan\u0131 s\u0131ra kocaman motorlar T\u00fcrk teknisyenler g\u00f6zetiminde \u00e7\u00f6z\u00fcl\u00fcp T\u00fcrkiye\u2019ye g\u00f6t\u00fcr\u00fcld\u00fc.<\/p>\n<p>Santral 128 megavat\u00a0g\u00fcc\u00fc 3 elektrik \u00fcretme grubundan ibarettir.<\/p>\n<p>T\u00fcrkistan Partisi ter\u00f6ristleri, daha \u00f6nce El \u011eab ovas\u0131 b\u00f6lgesinde sulama maden boru \u015febekelerini s\u00f6k\u00fcp T\u00fcrkiye\u2019de satmak i\u00e7in ka\u00e7\u0131rd\u0131.<\/p>\n<p>Erdo\u011fan rejimi kiral\u0131k askerleri y\u0131kma ve \u00e7almaya yetinmeyip Haseke ahalisinden uzun m\u00fcddet i\u00e7me suyunu keserek Suriyelileri \u015fantaj etmeye devam etti.<\/p>\n<p><iframe loading=\"lazy\" src=\"https:\/\/www.youtube.com\/embed\/rNyVQ7ZzFqs\" width=\"620\" height=\"348\" frameborder=\"0\" allowfullscreen=\"allowfullscreen\"><\/iframe><\/p>\n","protected":false},"excerpt":{"rendered":"<p>\u015eAM \u2013 Zeyzun termik santral\u0131n\u0131n kulesini \u0130mha etme eylemi ter\u00f6r \u00f6rg\u00fctlerinin i\u015fledikleri ilk su\u00e7 de\u011fildi. Suriye\u2019nin Altyap\u0131s\u0131n\u0131 talan etmek ve imha etmek ter\u00f6r \u00f6rg\u00fctlerinin izledi\u011fi y\u00f6ntemdir. Erdo\u011fan rejiminin destekledi\u011fi \u00a0bu ter\u00f6r \u00f6rg\u00fctleri, Erdo\u011fan\u2019\u0131n planlar\u0131 ve Suriye\u2019deki Osmanl\u0131 h\u0131rs\u0131n\u0131 hizmetinde Suriye ve Suriye halk\u0131 hakk\u0131nda y\u0131llard\u0131r su\u00e7lar i\u015fledi, fabrikalar\u0131 ve altyap\u0131y\u0131 \u00e7ald\u0131. Birka\u00e7 g\u00fcn \u00f6nce T\u00fcrkistan &hellip;<\/p>\n","protected":false},"author":1,"featured_media":208732,"comment_status":"closed","ping_status":"closed","sticky":false,"template":"","format":"standard","meta":{"footnotes":""},"categories":[479,17988,2554,2555,478],"tags":[],"class_list":["post-208731","post","type-post","status-publish","format-standard","has-post-thumbnail","","category-haberler-yerel","category-son-haberler","category-suriye-ve-dunya","category-suriye-ve-turkiye","category-yerel"],"_links":{"self":[{"href":"https:\/\/archive.sana.sy\/tr\/index.php?rest_route=\/wp\/v2\/posts\/208731","targetHints":{"allow":["GET"]}}],"collection":[{"href":"https:\/\/archive.sana.sy\/tr\/index.php?rest_route=\/wp\/v2\/posts"}],"about":[{"href":"https:\/\/archive.sana.sy\/tr\/index.php?rest_route=\/wp\/v2\/types\/post"}],"author":[{"embeddable":true,"href":"https:\/\/archive.sana.sy\/tr\/index.php?rest_route=\/wp\/v2\/users\/1"}],"replies":[{"embeddable":true,"href":"https:\/\/archive.sana.sy\/tr\/index.php?rest_route=%2Fwp%2Fv2%2Fcomments&post=208731"}],"version-history":[{"count":0,"href":"https:\/\/archive.sana.sy\/tr\/index.php?rest_route=\/wp\/v2\/posts\/208731\/revisions"}],"wp:featuredmedia":[{"embeddable":true,"href":"https:\/\/archive.sana.sy\/tr\/index.php?rest_route=\/wp\/v2\/media\/208732"}],"wp:attachment":[{"href":"https:\/\/archive.sana.sy\/tr\/index.php?rest_route=%2Fwp%2Fv2%2Fmedia&parent=208731"}],"wp:term":[{"taxonomy":"category","embeddable":true,"href":"https:\/\/archive.sana.sy\/tr\/index.php?rest_route=%2Fwp%2Fv2%2Fcategories&post=208731"},{"taxonomy":"post_tag","embeddable":true,"href":"https:\/\/archive.sana.sy\/tr\/index.php?rest_route=%2Fwp%2Fv2%2Ftags&post=208731"}],"curies":[{"name":"wp","href":"https:\/\/api.w.org\/{rel}","templated":true}]}}