{"id":20874,"date":"2015-01-15T19:21:36","date_gmt":"2015-01-15T17:21:36","guid":{"rendered":"http:\/\/sana.sy\/tr\/?p=20874"},"modified":"2015-01-15T19:21:36","modified_gmt":"2015-01-15T17:21:36","slug":"zarif-suriye-krizinin-cozumu-icin-yapici-isbirligi-cagrisinda-bulundu","status":"publish","type":"post","link":"https:\/\/archive.sana.sy\/tr\/?p=20874","title":{"rendered":"Zarif Suriye Krizinin \u00c7\u00f6z\u00fcm\u00fc \u0130\u00e7in Yap\u0131c\u0131 \u0130\u015fbirli\u011fi \u00c7a\u011fr\u0131s\u0131nda Bulundu"},"content":{"rendered":"<p>TAHRAN \u2013 \u0130ran D\u0131\u015fi\u015fleri Bakan\u0131 Muhammed Cevat Zarif uluslararas\u0131 akt\u00f6rleri, Suriye krizinin siyasi \u00e7\u00f6z\u00fcm\u00fcyle yap\u0131c\u0131 i\u015fbirli\u011fi i\u00e7erisinde olmalar\u0131 \u00e7a\u011fr\u0131s\u0131nda bulundu.<\/p>\n<p>IRNA Haber Ajans\u0131na a\u00e7\u0131klama yapan Zarif; Cenevre\u2019de BM Suriye \u00d6zel Temsilcisi Stefan De Mistura ile bir araya geldi\u011fini ifade ederek g\u00f6r\u00fc\u015fmede \u0130ran\u2019\u0131n Suryi krizi ile ilgili politikas\u0131n\u0131n ilkelerini anlatt\u0131\u011f\u0131n\u0131 ve bu ilkelerin en \u00f6nemlileri aras\u0131nda Suriye\u2019nin gelece\u011finin Suriyeliler taraf\u0131ndan belirlenmesi gerekti\u011fi ilkesi oldu\u011funun alt\u0131n\u0131 \u00e7izdi\u011fini aktard\u0131.<\/p>\n<p>\u0130ran\u2019\u0131n Suriye halk\u0131n\u0131n kendi gelece\u011fini belirlemesi i\u00e7in \u00e7aba harcamaya ve gerekli deste\u011fi sunmaya devam edece\u011fine dikkat \u00e7eken Zarif; Suriye krizini siyasi \u00e7\u00f6z\u00fcm\u00fcn\u00fc desteklerken Suriye topraklar\u0131n\u0131n birli\u011fi ve ulusal egemenli\u011fine sayg\u0131da kusur edilmemesi gere\u011fini vurgulad\u0131.<\/p>\n<p>&nbsp;<\/p>\n","protected":false},"excerpt":{"rendered":"<p>TAHRAN \u2013 \u0130ran D\u0131\u015fi\u015fleri Bakan\u0131 Muhammed Cevat Zarif uluslararas\u0131 akt\u00f6rleri, Suriye krizinin siyasi \u00e7\u00f6z\u00fcm\u00fcyle yap\u0131c\u0131 i\u015fbirli\u011fi i\u00e7erisinde olmalar\u0131 \u00e7a\u011fr\u0131s\u0131nda bulundu. IRNA Haber Ajans\u0131na a\u00e7\u0131klama yapan Zarif; Cenevre\u2019de BM Suriye \u00d6zel Temsilcisi Stefan De Mistura ile bir araya geldi\u011fini ifade ederek g\u00f6r\u00fc\u015fmede \u0130ran\u2019\u0131n Suryi krizi ile ilgili politikas\u0131n\u0131n ilkelerini anlatt\u0131\u011f\u0131n\u0131 ve bu ilkelerin en \u00f6nemlileri aras\u0131nda &hellip;<\/p>\n","protected":false},"author":1,"featured_media":20875,"comment_status":"closed","ping_status":"closed","sticky":false,"template":"","format":"standard","meta":{"footnotes":""},"categories":[458,459,447],"tags":[10102,10101],"class_list":["post-20874","post","type-post","status-publish","format-standard","has-post-thumbnail","","category-dunya1","category-haberler-arap-uluslararasi-politika","category-politika","tag-suriye-krizinin-siyasi-cozumuyle-yapici-isbirligi-icerisinde-olmalari-cagrisinda-bulundu-irna-haber-ajansina-aciklama-yapan-zarif-cenevrede-bm-suriye-ozel-temsilcisi-stefan-de-mistura-ile-b","tag-zarif-suriye-krizinin-cozumu-icin-yapici-isbirligi-cagrisinda-bulundu-tahran-iran-disisleri-bakani-muhammed-cevat-zarif-uluslararasi-aktorleri"],"_links":{"self":[{"href":"https:\/\/archive.sana.sy\/tr\/index.php?rest_route=\/wp\/v2\/posts\/20874","targetHints":{"allow":["GET"]}}],"collection":[{"href":"https:\/\/archive.sana.sy\/tr\/index.php?rest_route=\/wp\/v2\/posts"}],"about":[{"href":"https:\/\/archive.sana.sy\/tr\/index.php?rest_route=\/wp\/v2\/types\/post"}],"author":[{"embeddable":true,"href":"https:\/\/archive.sana.sy\/tr\/index.php?rest_route=\/wp\/v2\/users\/1"}],"replies":[{"embeddable":true,"href":"https:\/\/archive.sana.sy\/tr\/index.php?rest_route=%2Fwp%2Fv2%2Fcomments&post=20874"}],"version-history":[{"count":0,"href":"https:\/\/archive.sana.sy\/tr\/index.php?rest_route=\/wp\/v2\/posts\/20874\/revisions"}],"wp:featuredmedia":[{"embeddable":true,"href":"https:\/\/archive.sana.sy\/tr\/index.php?rest_route=\/wp\/v2\/media\/20875"}],"wp:attachment":[{"href":"https:\/\/archive.sana.sy\/tr\/index.php?rest_route=%2Fwp%2Fv2%2Fmedia&parent=20874"}],"wp:term":[{"taxonomy":"category","embeddable":true,"href":"https:\/\/archive.sana.sy\/tr\/index.php?rest_route=%2Fwp%2Fv2%2Fcategories&post=20874"},{"taxonomy":"post_tag","embeddable":true,"href":"https:\/\/archive.sana.sy\/tr\/index.php?rest_route=%2Fwp%2Fv2%2Ftags&post=20874"}],"curies":[{"name":"wp","href":"https:\/\/api.w.org\/{rel}","templated":true}]}}