{"id":208766,"date":"2020-05-10T11:24:43","date_gmt":"2020-05-10T08:24:43","guid":{"rendered":"http:\/\/www.sana.sy\/tr\/?p=208766"},"modified":"2020-05-11T08:29:07","modified_gmt":"2020-05-11T05:29:07","slug":"teror-orgutleri-lazkiye-kirsalina-fuzelerle-saldirdi","status":"publish","type":"post","link":"https:\/\/archive.sana.sy\/tr\/?p=208766","title":{"rendered":"Ter\u00f6r \u00d6rg\u00fctleri Lazkiye K\u0131rsal\u0131na F\u00fczelerle Sald\u0131rd\u0131"},"content":{"rendered":"<p>LAZK\u0130YE \u2013 Ter\u00f6r \u00f6rg\u00fctleri Lazkiye k\u0131rsal\u0131n\u0131n kuzeyindeki b\u00f6lgelerde, tar\u0131m arazilerine roketli f\u00fczelerle sald\u0131rd\u0131.<\/p>\n<p>SANA muhabiri, \u0130dlib k\u0131rsal\u0131nda konu\u015flanan ter\u00f6r gruplar\u0131n\u0131n, Lazkiye k\u0131rsal\u0131n\u0131n kuzeyinde yer alan El Ma\u011friyt k\u00f6y\u00fcndeki tar\u0131m arazilerine bir\u00e7ok roketli f\u00fczeyle sald\u0131rd\u0131\u011f\u0131n\u0131, sald\u0131r\u0131 sonucunda herhangi bir zvermzar meydana gelmedi\u011fini belirtti.<\/p>\n<p>\u00c7eviri: M.Y. ve S.\u015e.<\/p>\n","protected":false},"excerpt":{"rendered":"<p>LAZK\u0130YE \u2013 Ter\u00f6r \u00f6rg\u00fctleri Lazkiye k\u0131rsal\u0131n\u0131n kuzeyindeki b\u00f6lgelerde, tar\u0131m arazilerine roketli f\u00fczelerle sald\u0131rd\u0131. SANA muhabiri, \u0130dlib k\u0131rsal\u0131nda konu\u015flanan ter\u00f6r gruplar\u0131n\u0131n, Lazkiye k\u0131rsal\u0131n\u0131n kuzeyinde yer alan El Ma\u011friyt k\u00f6y\u00fcndeki tar\u0131m arazilerine bir\u00e7ok roketli f\u00fczeyle sald\u0131rd\u0131\u011f\u0131n\u0131, sald\u0131r\u0131 sonucunda herhangi bir zvermzar meydana gelmedi\u011fini belirtti. \u00c7eviri: M.Y. ve S.\u015e.<\/p>\n","protected":false},"author":36,"featured_media":208767,"comment_status":"closed","ping_status":"closed","sticky":false,"template":"","format":"standard","meta":{"footnotes":""},"categories":[479,575,17988,478],"tags":[],"class_list":["post-208766","post","type-post","status-publish","format-standard","has-post-thumbnail","","category-haberler-yerel","category-olaylar-ve-gercekler","category-son-haberler","category-yerel"],"_links":{"self":[{"href":"https:\/\/archive.sana.sy\/tr\/index.php?rest_route=\/wp\/v2\/posts\/208766","targetHints":{"allow":["GET"]}}],"collection":[{"href":"https:\/\/archive.sana.sy\/tr\/index.php?rest_route=\/wp\/v2\/posts"}],"about":[{"href":"https:\/\/archive.sana.sy\/tr\/index.php?rest_route=\/wp\/v2\/types\/post"}],"author":[{"embeddable":true,"href":"https:\/\/archive.sana.sy\/tr\/index.php?rest_route=\/wp\/v2\/users\/36"}],"replies":[{"embeddable":true,"href":"https:\/\/archive.sana.sy\/tr\/index.php?rest_route=%2Fwp%2Fv2%2Fcomments&post=208766"}],"version-history":[{"count":0,"href":"https:\/\/archive.sana.sy\/tr\/index.php?rest_route=\/wp\/v2\/posts\/208766\/revisions"}],"wp:featuredmedia":[{"embeddable":true,"href":"https:\/\/archive.sana.sy\/tr\/index.php?rest_route=\/wp\/v2\/media\/208767"}],"wp:attachment":[{"href":"https:\/\/archive.sana.sy\/tr\/index.php?rest_route=%2Fwp%2Fv2%2Fmedia&parent=208766"}],"wp:term":[{"taxonomy":"category","embeddable":true,"href":"https:\/\/archive.sana.sy\/tr\/index.php?rest_route=%2Fwp%2Fv2%2Fcategories&post=208766"},{"taxonomy":"post_tag","embeddable":true,"href":"https:\/\/archive.sana.sy\/tr\/index.php?rest_route=%2Fwp%2Fv2%2Ftags&post=208766"}],"curies":[{"name":"wp","href":"https:\/\/api.w.org\/{rel}","templated":true}]}}