{"id":20883,"date":"2015-01-15T23:39:04","date_gmt":"2015-01-15T21:39:04","guid":{"rendered":"http:\/\/www.sana.sy\/tr\/?p=20883"},"modified":"2015-01-16T19:20:26","modified_gmt":"2015-01-16T17:20:26","slug":"askerler-yine-terorden-kacan-ailelere-yardim-etti","status":"publish","type":"post","link":"https:\/\/archive.sana.sy\/tr\/?p=20883","title":{"rendered":"Askerler Yine Ter\u00f6rden Ka\u00e7an Ailelere Yard\u0131m Etti"},"content":{"rendered":"<p>\u015eAM KIRSALI \u2013 Vatanda\u015flar\u0131n can ve mal g\u00fcvenli\u011fini sa\u011flamada ulusal duyarl\u0131l\u0131\u011f\u0131 kapsam\u0131nda ordu birliklerimiz bug\u00fcn \u015eam k\u0131rsal\u0131 Duma Kentinde tekfirci ter\u00f6r \u00e7etelerinin dayatma ve ter\u00f6r eylemlerinden ka\u00e7an \u00e7ok say\u0131da ailenin b\u00f6lgeden \u00e7\u0131k\u0131\u015flar\u0131n\u0131 temin etti.<\/p>\n<p>Emniyet M\u00fcd\u00fcrl\u00fc\u011f\u00fcnde bir kaynak ter\u00f6ristlerin sald\u0131r\u0131lar\u0131ndan ka\u00e7an ailelerin \u00e7\u0131k\u0131\u015flar\u0131n\u0131n emin edilmesi ard\u0131ndan g\u00fcvenli b\u00f6lgelere aktar\u0131ld\u0131klar\u0131n\u0131 s\u00f6yledi. Kaynak \u00e7ocuk kad\u0131n ve ya\u015fl\u0131lardan ibaret 60 vatanda\u015fa t\u0131bbi ve g\u0131da yard\u0131mlar\u0131 yap\u0131lmas\u0131 ard\u0131ndan ge\u00e7ici olarak kalacaklar\u0131 Kudsiye\u2019deki ikame merkezlerine al\u0131nd\u0131klar\u0131n\u0131 ifade etti.<\/p>\n<p>Ordu birliklerimiz daha \u00f6nce de Duma, Zibdin ve daha ba\u015fka b\u00f6lgelerden yine ter\u00f6r \u00e7etelerinin sald\u0131r\u0131 ve dayatmalar\u0131ndan ka\u00e7an y\u00fczlerce ailenin \u00e7\u0131k\u0131\u015f\u0131n\u0131 temin edip g\u00fcvenli b\u00f6lgelere ta\u015f\u0131m\u0131\u015flard\u0131.<\/p>\n<div style=\"width: 618px;\" class=\"wp-video\"><!--[if lt IE 9]><script>document.createElement('video');<\/script><![endif]-->\n<video class=\"wp-video-shortcode\" id=\"video-20883-1\" width=\"618\" height=\"348\" preload=\"metadata\" controls=\"controls\"><source type=\"video\/x-flv\" src=\"http:\/\/sana.sy\/tr\/wp-content\/uploads\/2015\/01\/Askerler-Yine-Ter\u00f6rden-Ka\u00e7an-Ailelere-Yard\u0131m-Etti.flv?_=1\" \/><a href=\"http:\/\/sana.sy\/tr\/wp-content\/uploads\/2015\/01\/Askerler-Yine-Ter\u00f6rden-Ka\u00e7an-Ailelere-Yard\u0131m-Etti.flv\">http:\/\/sana.sy\/tr\/wp-content\/uploads\/2015\/01\/Askerler-Yine-Ter\u00f6rden-Ka\u00e7an-Ailelere-Yard\u0131m-Etti.flv<\/a><\/video><\/div>\n","protected":false},"excerpt":{"rendered":"<p>\u015eAM KIRSALI \u2013 Vatanda\u015flar\u0131n can ve mal g\u00fcvenli\u011fini sa\u011flamada ulusal duyarl\u0131l\u0131\u011f\u0131 kapsam\u0131nda ordu birliklerimiz bug\u00fcn \u015eam k\u0131rsal\u0131 Duma Kentinde tekfirci ter\u00f6r \u00e7etelerinin dayatma ve ter\u00f6r eylemlerinden ka\u00e7an \u00e7ok say\u0131da ailenin b\u00f6lgeden \u00e7\u0131k\u0131\u015flar\u0131n\u0131 temin etti. Emniyet M\u00fcd\u00fcrl\u00fc\u011f\u00fcnde bir kaynak ter\u00f6ristlerin sald\u0131r\u0131lar\u0131ndan ka\u00e7an ailelerin \u00e7\u0131k\u0131\u015flar\u0131n\u0131n emin edilmesi ard\u0131ndan g\u00fcvenli b\u00f6lgelere aktar\u0131ld\u0131klar\u0131n\u0131 s\u00f6yledi. Kaynak \u00e7ocuk kad\u0131n ve ya\u015fl\u0131lardan &hellip;<\/p>\n","protected":false},"author":1,"featured_media":20884,"comment_status":"closed","ping_status":"closed","sticky":false,"template":"","format":"standard","meta":{"footnotes":""},"categories":[479,575,478],"tags":[10106,10107],"class_list":["post-20883","post","type-post","status-publish","format-standard","has-post-thumbnail","","category-haberler-yerel","category-olaylar-ve-gercekler","category-yerel","tag-askerler-yine-terorden-kacan-ailelere-yardim-etti-sam-kirsali-vatandaslarin-can-ve-mal-guvenligini-saglamada-ulusal-duyarliligi-kapsaminda-ordu-birliklerimiz-bugun-sam-kirsali-duma-kentinde","tag-zibdin-ve-daha-baska-bolgelerden-yine-teror-cetelerinin-saldiri-ve-dayatmalarindan-kacan-yuzlerce-ailenin-cikisini-temin-edip-guvenli-bolgelere-tasimislardi"],"_links":{"self":[{"href":"https:\/\/archive.sana.sy\/tr\/index.php?rest_route=\/wp\/v2\/posts\/20883","targetHints":{"allow":["GET"]}}],"collection":[{"href":"https:\/\/archive.sana.sy\/tr\/index.php?rest_route=\/wp\/v2\/posts"}],"about":[{"href":"https:\/\/archive.sana.sy\/tr\/index.php?rest_route=\/wp\/v2\/types\/post"}],"author":[{"embeddable":true,"href":"https:\/\/archive.sana.sy\/tr\/index.php?rest_route=\/wp\/v2\/users\/1"}],"replies":[{"embeddable":true,"href":"https:\/\/archive.sana.sy\/tr\/index.php?rest_route=%2Fwp%2Fv2%2Fcomments&post=20883"}],"version-history":[{"count":0,"href":"https:\/\/archive.sana.sy\/tr\/index.php?rest_route=\/wp\/v2\/posts\/20883\/revisions"}],"wp:featuredmedia":[{"embeddable":true,"href":"https:\/\/archive.sana.sy\/tr\/index.php?rest_route=\/wp\/v2\/media\/20884"}],"wp:attachment":[{"href":"https:\/\/archive.sana.sy\/tr\/index.php?rest_route=%2Fwp%2Fv2%2Fmedia&parent=20883"}],"wp:term":[{"taxonomy":"category","embeddable":true,"href":"https:\/\/archive.sana.sy\/tr\/index.php?rest_route=%2Fwp%2Fv2%2Fcategories&post=20883"},{"taxonomy":"post_tag","embeddable":true,"href":"https:\/\/archive.sana.sy\/tr\/index.php?rest_route=%2Fwp%2Fv2%2Ftags&post=20883"}],"curies":[{"name":"wp","href":"https:\/\/api.w.org\/{rel}","templated":true}]}}