{"id":20886,"date":"2015-01-15T23:55:36","date_gmt":"2015-01-15T21:55:36","guid":{"rendered":"http:\/\/www.sana.sy\/tr\/?p=20886"},"modified":"2015-01-17T10:51:22","modified_gmt":"2015-01-17T08:51:22","slug":"20886","status":"publish","type":"post","link":"https:\/\/archive.sana.sy\/tr\/?p=20886","title":{"rendered":"Uluslararas\u0131 Medyada B\u00fcy\u00fck Bir \u0130lgiyle Kar\u015f\u0131land\u0131"},"content":{"rendered":"<p>BA\u015eKENTLER \u2013 Cumhurba\u015fkan\u0131 Be\u015f\u015far el Esad\u2019\u0131n \u00c7ek Literarni Noviny Gazetesiyle yapt\u0131\u011f\u0131 ve tam metninin bug\u00fcn yay\u0131nlad\u0131\u011f\u0131 r\u00f6portaj\u0131 uluslar aras\u0131 \u00f6nde gelen televizyon kanallar\u0131, radyolar, haber siteleri, gazeteler ve daha muhtelif medya ara\u00e7lar\u0131nda olduk\u00e7a b\u00fcy\u00fck bir ilgi ve \u00f6neme nail oldu.<\/p>\n<p>Aralar\u0131nda \u00c7ek Haber Ajans\u0131,\u00a0 Rus RIA Novossite Haber Ajans\u0131, Reuters Haber Ajans\u0131, Bloomberg Haber ajans\u0131 ve daha \u00e7ok say\u0131da medya kayna\u011f\u0131 r\u00f6portaj\u0131n tam metnini yay\u0131nlarken, bir dizi noktaya dikkat \u00e7ektiler. S\u00f6z konusu haber ajanslar\u0131 El Esad\u2019\u0131n \u2018Suriye h\u00fck\u00fcmeti ile \u2018muhalefet temsilcileri\u2019 aras\u0131nda bu ay\u0131n sonunda Moskova&#8217;da yap\u0131lacak temaslardan beklentileri\u2019 konusunda verdi\u011fi cevaba odakland\u0131lar.<\/p>\n<p>France-Presse Ajans\u0131 ise el Esad\u2019\u0131n Moskova temaslar\u0131 konusundaki s\u00f6zlerine dikkat \u00e7ekerken, son olarak Paris\u2019te meydana gelen ter\u00f6r sald\u0131r\u0131s\u0131na ili\u015fkin s\u00f6zlerine de \u0131\u015f\u0131k tuttu. Frans\u0131z medyas\u0131n\u0131n geneli el Esad\u2019\u0131n r\u00f6portaj\u0131na yo\u011fun ilgi g\u00f6stererek \u2018Suriye&#8217;nin krizin ba\u015f\u0131ndan beri s\u00f6ylediklerinin do\u011fru oldu\u011funun kan\u0131tland\u0131\u011f\u0131na\u2019 dikkat \u00e7ekti.<\/p>\n<p>El Esad ile r\u00f6portaj yapan \u00c7ek Literarni Noviny Gazetesi ise \u015eam\u2019a ziyareti s\u0131ras\u0131nda tan\u0131k oldu\u011fu durumlar ve \u015eam\u2019daki normal ya\u015fama dikkat \u00e7ekti. Gazete ordunun ter\u00f6r \u00f6rg\u00fctlere kar\u015f\u0131 ba\u015far\u0131lar\u0131 sonucunda \u015eam\u2019da g\u00fcvenlik durumlar\u0131n\u0131n daha iyi oldu\u011funu, havan sald\u0131r\u0131lar\u0131n\u0131n azald\u0131\u011f\u0131n\u0131 ve sakin normal bir ya\u015fam\u0131n h\u00fck\u00fcm s\u00fcrd\u00fc\u011f\u00fcne dikkat \u00e7ekti.<\/p>\n<p>Suriye halk\u0131n\u0131n yurtseverli\u011fine ve liderinin etraf\u0131ndan nas\u0131l s\u0131ms\u0131k\u0131 kenetlendiklerine \u0131\u015f\u0131k tutan raporunda Gazete; Suriyelilerin kendilerini bu krizden g\u00fcvene \u00e7\u0131karabilme g\u00fcce sahip yegane \u015fah\u0131s\u0131n el Esad oldu\u011funa inand\u0131klar\u0131n\u0131 belirtti.<\/p>\n<p>Gazete Suriyelilerin ter\u00f6r\u00fc destekleyen devlet ve taraflara kar\u015f\u0131 \u00f6fkelerine i\u015faret ederek, ter\u00f6r\u00fc k\u0131namayan \u2018yurtd\u0131\u015f\u0131 muhalefetin\u2019 Suriye halk\u0131n\u0131n b\u00fcy\u00fck \u00e7o\u011funlu\u011fu taraf\u0131ndan atm anlam\u0131yla \u00f6nemsiz ve de\u011fersiz g\u00f6r\u00fcld\u00fc\u011f\u00fcne dikkat \u00e7ekti.<\/p>\n","protected":false},"excerpt":{"rendered":"<p>BA\u015eKENTLER \u2013 Cumhurba\u015fkan\u0131 Be\u015f\u015far el Esad\u2019\u0131n \u00c7ek Literarni Noviny Gazetesiyle yapt\u0131\u011f\u0131 ve tam metninin bug\u00fcn yay\u0131nlad\u0131\u011f\u0131 r\u00f6portaj\u0131 uluslar aras\u0131 \u00f6nde gelen televizyon kanallar\u0131, radyolar, haber siteleri, gazeteler ve daha muhtelif medya ara\u00e7lar\u0131nda olduk\u00e7a b\u00fcy\u00fck bir ilgi ve \u00f6neme nail oldu. Aralar\u0131nda \u00c7ek Haber Ajans\u0131,\u00a0 Rus RIA Novossite Haber Ajans\u0131, Reuters Haber Ajans\u0131, Bloomberg Haber ajans\u0131 &hellip;<\/p>\n","protected":false},"author":1,"featured_media":20887,"comment_status":"closed","ping_status":"closed","sticky":false,"template":"","format":"standard","meta":{"footnotes":""},"categories":[458,459],"tags":[10115,10114,10111,10110,10117,10109,10113,10112,10116,10118,10108],"class_list":["post-20886","post","type-post","status-publish","format-standard","has-post-thumbnail","","category-dunya1","category-haberler-arap-uluslararasi-politika","tag-bir-dizi-noktaya-dikkat-cektiler-soz-konusu-haber-ajanslari-el-esadin-suriye-hukumeti-ile-muhalefet-temsilcileri-arasinda-bu-ayin-sonunda-moskovada-yapilacak-tema","tag-bloomberg-haber-ajansi-ve-daha-cok-sayida-medya-kaynagi-roportajin-tam-metnini-yayinlarken","tag-gazeteler-ve-daha-muhtelif-medya-araclarinda-oldukca-buyuk-bir-ilgi-ve-oneme-nail-oldu-aralarinda-cek-haber-ajansi","tag-haber-siteleri","tag-havan-saldirilarinin-azaldigini-ve-sakin-normal-bir-yasamin-hukum-surdugune-dikkat-cekti-suriye-halkinin-yurtseverligine-ve-liderinin-etrafindan-nasil-simsiki-kenetlendiklerine-isik-tutan-raporunda-g","tag-radyolar","tag-reuters-haber-ajansi","tag-rus-ria-novossite-haber-ajansi","tag-son-olarak-pariste-meydana-gelen-teror-saldirisina-iliskin-sozlerine-de-isik-tuttu-fransiz-medyasinin-geneli-el-esadin-roportajina-yogun-ilgi-gostererek-suriyenin-krizin-b","tag-teroru-kinamayan-yurtdisi-muhalefetin-suriye-halkinin-buyuk-cogunlugu-tarafindan-atm-anlamiyla-onemsiz-ve-degersiz-goruldugune-dikkat-cekti","tag-uluslararasi-medyada-buyuk-bir-ilgiyle-karsilandi-baskentler-cumhurbaskani-bessar-el-esadin-cek-literarni-noviny-gazetesiyle-yaptigi-ve-tam-metninin-bugun-yayinladigi-roportaji-ulus"],"_links":{"self":[{"href":"https:\/\/archive.sana.sy\/tr\/index.php?rest_route=\/wp\/v2\/posts\/20886","targetHints":{"allow":["GET"]}}],"collection":[{"href":"https:\/\/archive.sana.sy\/tr\/index.php?rest_route=\/wp\/v2\/posts"}],"about":[{"href":"https:\/\/archive.sana.sy\/tr\/index.php?rest_route=\/wp\/v2\/types\/post"}],"author":[{"embeddable":true,"href":"https:\/\/archive.sana.sy\/tr\/index.php?rest_route=\/wp\/v2\/users\/1"}],"replies":[{"embeddable":true,"href":"https:\/\/archive.sana.sy\/tr\/index.php?rest_route=%2Fwp%2Fv2%2Fcomments&post=20886"}],"version-history":[{"count":0,"href":"https:\/\/archive.sana.sy\/tr\/index.php?rest_route=\/wp\/v2\/posts\/20886\/revisions"}],"wp:featuredmedia":[{"embeddable":true,"href":"https:\/\/archive.sana.sy\/tr\/index.php?rest_route=\/wp\/v2\/media\/20887"}],"wp:attachment":[{"href":"https:\/\/archive.sana.sy\/tr\/index.php?rest_route=%2Fwp%2Fv2%2Fmedia&parent=20886"}],"wp:term":[{"taxonomy":"category","embeddable":true,"href":"https:\/\/archive.sana.sy\/tr\/index.php?rest_route=%2Fwp%2Fv2%2Fcategories&post=20886"},{"taxonomy":"post_tag","embeddable":true,"href":"https:\/\/archive.sana.sy\/tr\/index.php?rest_route=%2Fwp%2Fv2%2Ftags&post=20886"}],"curies":[{"name":"wp","href":"https:\/\/api.w.org\/{rel}","templated":true}]}}