{"id":208907,"date":"2020-05-10T22:44:43","date_gmt":"2020-05-10T19:44:43","guid":{"rendered":"http:\/\/www.sana.sy\/tr\/?p=208907"},"modified":"2020-05-13T08:59:05","modified_gmt":"2020-05-13T05:59:05","slug":"iran-disisleri-bakanligi-terorle-mucadelesinde-suriyenin-yaninda-duruyoruz","status":"publish","type":"post","link":"https:\/\/archive.sana.sy\/tr\/?p=208907","title":{"rendered":"\u0130ran, Ter\u00f6rle M\u00fccadelede Suriye\u2019nin Yan\u0131nday\u0131z"},"content":{"rendered":"<p>TAHRAN \u2013 \u0130ran D\u0131\u015fi\u015fleri Bakanl\u0131\u011f\u0131, kendi gelece\u011fini belirleme hakk\u0131n\u0131n sadece Suriye halk\u0131n\u0131n elinde oldu\u011funu belirterek, ter\u00f6rle m\u00fccadelesinde Suriye\u2019nin yan\u0131nda durduklar\u0131n\u0131 ve desteklediklerini yineledi.<\/p>\n<p>\u0130RNA D\u0131\u015fi\u015fleri Bakanl\u0131\u011f\u0131 S\u00f6zc\u00fcs\u00fc Abbas Musevi\u2019nin s\u00f6zlerinden naklen, ter\u00f6rle m\u00fccadelede Suriye halk\u0131n\u0131n yan\u0131nda durduklar\u0131n\u0131 ve gelecekte bu deste\u011fi s\u00fcrd\u00fcrmeye devam edeceklerini ifade etti.<\/p>\n<p>Musevi baz\u0131 nedya organlar\u0131n\u0131n Astana S\u00fcreci garant\u00f6r \u00fclkelerinin Suriye h\u00fck\u00fcmetinin gelece\u011fi hakk\u0131nda karar verdi\u011fine y\u00f6nelik yay\u0131nlad\u0131klar\u0131 haberlerin ger\u00e7e\u011fi yans\u0131tmad\u0131\u011f\u0131n\u0131 belirterek, bunlar\u0131n as\u0131ls\u0131z iddialar olarak nitelendirdi.<\/p>\n<p>\u0130ran\u2019\u0131n her zaman ter\u00f6rle m\u00fccadelede Suriye halk\u0131 ile h\u00fck\u00fcmetinin yan\u0131nda oldu\u011funa dikkati \u00e7eken Musevi, Suriye\u2019nin gelece\u011fi ve y\u00f6netim bi\u00e7imi hakk\u0131nda karar verecek tek mercinin Suriye halk\u0131 oldu\u011funu kaydetti.<\/p>\n<p>\u0130ran, T\u00fcrkiye ve Rusya\u2019n\u0131n Astana S\u00fcreci garant\u00f6rleri olarak Suriye\u2019de gerginli\u011fi azaltma b\u00f6lgelerinin kararla\u015ft\u0131r\u0131lmas\u0131, Anayasa Komitesi\u2019nin olu\u015fturulmas\u0131, diyalog gidi\u015fat\u0131 ve ulusal uzla\u015fman\u0131n izlenmesi kanal\u0131yla Suriye halk\u0131n\u0131n kendi gelece\u011fini kendisinin ele almas\u0131na \u00e7aba sarfettiklerini a\u00e7\u0131klad\u0131.<\/p>\n","protected":false},"excerpt":{"rendered":"<p>TAHRAN \u2013 \u0130ran D\u0131\u015fi\u015fleri Bakanl\u0131\u011f\u0131, kendi gelece\u011fini belirleme hakk\u0131n\u0131n sadece Suriye halk\u0131n\u0131n elinde oldu\u011funu belirterek, ter\u00f6rle m\u00fccadelesinde Suriye\u2019nin yan\u0131nda durduklar\u0131n\u0131 ve desteklediklerini yineledi. \u0130RNA D\u0131\u015fi\u015fleri Bakanl\u0131\u011f\u0131 S\u00f6zc\u00fcs\u00fc Abbas Musevi\u2019nin s\u00f6zlerinden naklen, ter\u00f6rle m\u00fccadelede Suriye halk\u0131n\u0131n yan\u0131nda durduklar\u0131n\u0131 ve gelecekte bu deste\u011fi s\u00fcrd\u00fcrmeye devam edeceklerini ifade etti. Musevi baz\u0131 nedya organlar\u0131n\u0131n Astana S\u00fcreci garant\u00f6r \u00fclkelerinin Suriye &hellip;<\/p>\n","protected":false},"author":1,"featured_media":208908,"comment_status":"closed","ping_status":"closed","sticky":false,"template":"","format":"standard","meta":{"footnotes":""},"categories":[458,459,17988],"tags":[],"class_list":["post-208907","post","type-post","status-publish","format-standard","has-post-thumbnail","","category-dunya1","category-haberler-arap-uluslararasi-politika","category-son-haberler"],"_links":{"self":[{"href":"https:\/\/archive.sana.sy\/tr\/index.php?rest_route=\/wp\/v2\/posts\/208907","targetHints":{"allow":["GET"]}}],"collection":[{"href":"https:\/\/archive.sana.sy\/tr\/index.php?rest_route=\/wp\/v2\/posts"}],"about":[{"href":"https:\/\/archive.sana.sy\/tr\/index.php?rest_route=\/wp\/v2\/types\/post"}],"author":[{"embeddable":true,"href":"https:\/\/archive.sana.sy\/tr\/index.php?rest_route=\/wp\/v2\/users\/1"}],"replies":[{"embeddable":true,"href":"https:\/\/archive.sana.sy\/tr\/index.php?rest_route=%2Fwp%2Fv2%2Fcomments&post=208907"}],"version-history":[{"count":0,"href":"https:\/\/archive.sana.sy\/tr\/index.php?rest_route=\/wp\/v2\/posts\/208907\/revisions"}],"wp:featuredmedia":[{"embeddable":true,"href":"https:\/\/archive.sana.sy\/tr\/index.php?rest_route=\/wp\/v2\/media\/208908"}],"wp:attachment":[{"href":"https:\/\/archive.sana.sy\/tr\/index.php?rest_route=%2Fwp%2Fv2%2Fmedia&parent=208907"}],"wp:term":[{"taxonomy":"category","embeddable":true,"href":"https:\/\/archive.sana.sy\/tr\/index.php?rest_route=%2Fwp%2Fv2%2Fcategories&post=208907"},{"taxonomy":"post_tag","embeddable":true,"href":"https:\/\/archive.sana.sy\/tr\/index.php?rest_route=%2Fwp%2Fv2%2Ftags&post=208907"}],"curies":[{"name":"wp","href":"https:\/\/api.w.org\/{rel}","templated":true}]}}