{"id":208910,"date":"2020-05-10T22:57:28","date_gmt":"2020-05-10T19:57:28","guid":{"rendered":"http:\/\/www.sana.sy\/tr\/?p=208910"},"modified":"2020-05-13T08:59:17","modified_gmt":"2020-05-13T05:59:17","slug":"kabine-bakanliklarin-koronavirusune-karsi-koyma-sartlariyla-ilgili-ekonomik-ve-hizmetsel-yurutme-programlari-ve-prosedurleri-belgesini-kararlastirdi","status":"publish","type":"post","link":"https:\/\/archive.sana.sy\/tr\/?p=208910","title":{"rendered":"Kabine Bakanl\u0131klar\u0131n Koronavir\u00fcs\u00fcne Kar\u015f\u0131 Koyma \u015eartlar\u0131yla \u0130lgili Ekonomik ve Hizmetsel Y\u00fcr\u00fctme Programlar\u0131 ve Prosed\u00fcrleri Belgesini Kararla\u015ft\u0131rd\u0131"},"content":{"rendered":"<p>\u015eAM &#8211; Cumhurba\u015fkan\u0131 Be\u015f\u015far Esad&#8217;\u0131n korona salg\u0131n\u0131na y\u00f6nelik tedbirler konusunda h\u00fck\u00fcmet ekibi ile yapt\u0131\u011f\u0131 g\u00f6r\u00fc\u015fme s\u0131ras\u0131nda yapt\u0131\u011f\u0131 konu\u015fmalar\u0131n i\u00e7eri\u011fini uygulama kapsam\u0131nda, Bakanlar Konseyi, sa\u011fl\u0131k ve g\u00fcvenli\u011fi korumak i\u00e7in ekonomik ve sosyal faaliyetin restorasyonuna ve vatanda\u015f ile h\u00fck\u00fcmetin vir\u00fcsle y\u00fczle\u015fme \u00e7abalar\u0131 aras\u0131ndaki fiili ortakl\u0131\u011fa paralel olarak, korona salg\u0131n\u0131 konusundaki ko\u015fullarla ilgili olarak devlet bakanl\u0131klar\u0131n\u0131n \u00e7al\u0131\u015fmas\u0131 i\u00e7in ekonomik ve hizmet y\u00fcr\u00fctme \u00f6nlemleri ve prosed\u00fcrleri hakk\u0131nda bir program belgesi kararla\u015ft\u0131rd\u0131.<\/p>\n<p>Kabine ayr\u0131ca, sosyal koruma hizmetlerinin geni\u015fletilmesi program\u0131na ek olarak, canl\u0131 ve ekonomik ger\u00e7ekli\u011fin iyile\u015ftirilmesi, piyasalar\u0131n kontrol edilmesi ve temel malzemelerin sorunsuz bir \u015fekilde g\u00fcvence alt\u0131na al\u0131nmas\u0131 ile ilgili programlar\u0131 da uygulamaya koymak i\u00e7in gerekli s\u00fcreleri belirleyerek onaylad\u0131.<\/p>\n<p>Ba\u015fbakan \u0130mad Hamis ba\u015fkanl\u0131\u011f\u0131nda d\u00fczenlenen haftal\u0131k oturummda, Bakanlardan, ekonomik, sa\u011fl\u0131k, yerel, b\u00f6lgesel ve uluslararas\u0131 durumlardaki geli\u015fmelere uygun olarak, H\u00fck\u00fcmet ekibinin sunulan senaryolara g\u00f6re t\u00fcm devlet kurumlar\u0131 i\u00e7in tam bir uygulama plan\u0131 benimsemesiyle birlikte, vir\u00fcs\u00fcn geli\u015ftirilmesi veya yay\u0131lmas\u0131 olas\u0131l\u0131klar\u0131na uyum sa\u011flamak i\u00e7in her bakanl\u0131\u011f\u0131n \u00e7al\u0131\u015fmas\u0131 i\u00e7in \u00e7e\u015fitli entegre senaryolar haz\u0131rlamalar\u0131 istendi.<\/p>\n<p>Kabine, \u00f6zellikle yurt d\u0131\u015f\u0131ndan d\u00f6nen ki\u015filer olmak \u00fczere test say\u0131s\u0131n\u0131 en y\u00fcsek dereceye \u00e7\u0131karma karar\u0131yla birlikte toplumda muhtelif vakalar\u0131 ke\u015ffetme icraatlar\u0131n\u0131n al\u0131nmas\u0131 gere\u011fini dile getirdi.<\/p>\n<p>&nbsp;<\/p>\n<p>&nbsp;<\/p>\n","protected":false},"excerpt":{"rendered":"<p>\u015eAM &#8211; Cumhurba\u015fkan\u0131 Be\u015f\u015far Esad&#8217;\u0131n korona salg\u0131n\u0131na y\u00f6nelik tedbirler konusunda h\u00fck\u00fcmet ekibi ile yapt\u0131\u011f\u0131 g\u00f6r\u00fc\u015fme s\u0131ras\u0131nda yapt\u0131\u011f\u0131 konu\u015fmalar\u0131n i\u00e7eri\u011fini uygulama kapsam\u0131nda, Bakanlar Konseyi, sa\u011fl\u0131k ve g\u00fcvenli\u011fi korumak i\u00e7in ekonomik ve sosyal faaliyetin restorasyonuna ve vatanda\u015f ile h\u00fck\u00fcmetin vir\u00fcsle y\u00fczle\u015fme \u00e7abalar\u0131 aras\u0131ndaki fiili ortakl\u0131\u011fa paralel olarak, korona salg\u0131n\u0131 konusundaki ko\u015fullarla ilgili olarak devlet bakanl\u0131klar\u0131n\u0131n \u00e7al\u0131\u015fmas\u0131 i\u00e7in &hellip;<\/p>\n","protected":false},"author":1,"featured_media":208911,"comment_status":"closed","ping_status":"closed","sticky":false,"template":"","format":"standard","meta":{"footnotes":""},"categories":[479,17988,478],"tags":[],"class_list":["post-208910","post","type-post","status-publish","format-standard","has-post-thumbnail","","category-haberler-yerel","category-son-haberler","category-yerel"],"_links":{"self":[{"href":"https:\/\/archive.sana.sy\/tr\/index.php?rest_route=\/wp\/v2\/posts\/208910","targetHints":{"allow":["GET"]}}],"collection":[{"href":"https:\/\/archive.sana.sy\/tr\/index.php?rest_route=\/wp\/v2\/posts"}],"about":[{"href":"https:\/\/archive.sana.sy\/tr\/index.php?rest_route=\/wp\/v2\/types\/post"}],"author":[{"embeddable":true,"href":"https:\/\/archive.sana.sy\/tr\/index.php?rest_route=\/wp\/v2\/users\/1"}],"replies":[{"embeddable":true,"href":"https:\/\/archive.sana.sy\/tr\/index.php?rest_route=%2Fwp%2Fv2%2Fcomments&post=208910"}],"version-history":[{"count":0,"href":"https:\/\/archive.sana.sy\/tr\/index.php?rest_route=\/wp\/v2\/posts\/208910\/revisions"}],"wp:featuredmedia":[{"embeddable":true,"href":"https:\/\/archive.sana.sy\/tr\/index.php?rest_route=\/wp\/v2\/media\/208911"}],"wp:attachment":[{"href":"https:\/\/archive.sana.sy\/tr\/index.php?rest_route=%2Fwp%2Fv2%2Fmedia&parent=208910"}],"wp:term":[{"taxonomy":"category","embeddable":true,"href":"https:\/\/archive.sana.sy\/tr\/index.php?rest_route=%2Fwp%2Fv2%2Fcategories&post=208910"},{"taxonomy":"post_tag","embeddable":true,"href":"https:\/\/archive.sana.sy\/tr\/index.php?rest_route=%2Fwp%2Fv2%2Ftags&post=208910"}],"curies":[{"name":"wp","href":"https:\/\/api.w.org\/{rel}","templated":true}]}}