{"id":208979,"date":"2020-05-11T12:46:48","date_gmt":"2020-05-11T09:46:48","guid":{"rendered":"http:\/\/www.sana.sy\/tr\/?p=208979"},"modified":"2020-05-13T08:59:29","modified_gmt":"2020-05-13T05:59:29","slug":"maan-beldesinde-terorden-kalan-bir-mayin-patladi-ve-bir-sivil-yaralandi","status":"publish","type":"post","link":"https:\/\/archive.sana.sy\/tr\/?p=208979","title":{"rendered":"Maan Beldesinde Ter\u00f6rden Kalan Bir May\u0131n Patlad\u0131 ve Bir Sivil Yaraland\u0131"},"content":{"rendered":"<p>HAMA \u2013 Hama k\u0131rsal\u0131n\u0131n kuzeyinde yer alan Maan beldesinde ter\u00f6r gruplar\u0131ndan kalan bir may\u0131n patlamas\u0131 sonucunda bir vatanda\u015f yaraland\u0131.<\/p>\n<p>Hama il emniyet m\u00fcd\u00fcrl\u00fc\u011f\u00fcnde bir Kaynak SANA muhabirine, Hama K\u0131rsal\u0131n\u0131n kuzeyindeki Maan beldesinde ter\u00f6r gruplar\u0131ndan kalan bir may\u0131n\u0131n patlamas\u0131 sonucunda bir sivilin yaraland\u0131\u011f\u0131n\u0131 ve aya\u011f\u0131n\u0131n kesilmesine neden oldu\u011funu belirtti.<\/p>\n<p>\u00c7eviri: M.Y. ve S.\u015e.<\/p>\n","protected":false},"excerpt":{"rendered":"<p>HAMA \u2013 Hama k\u0131rsal\u0131n\u0131n kuzeyinde yer alan Maan beldesinde ter\u00f6r gruplar\u0131ndan kalan bir may\u0131n patlamas\u0131 sonucunda bir vatanda\u015f yaraland\u0131. Hama il emniyet m\u00fcd\u00fcrl\u00fc\u011f\u00fcnde bir Kaynak SANA muhabirine, Hama K\u0131rsal\u0131n\u0131n kuzeyindeki Maan beldesinde ter\u00f6r gruplar\u0131ndan kalan bir may\u0131n\u0131n patlamas\u0131 sonucunda bir sivilin yaraland\u0131\u011f\u0131n\u0131 ve aya\u011f\u0131n\u0131n kesilmesine neden oldu\u011funu belirtti. \u00c7eviri: M.Y. ve S.\u015e.<\/p>\n","protected":false},"author":36,"featured_media":208980,"comment_status":"closed","ping_status":"closed","sticky":false,"template":"","format":"standard","meta":{"footnotes":""},"categories":[479,575,17988,478],"tags":[],"class_list":["post-208979","post","type-post","status-publish","format-standard","has-post-thumbnail","","category-haberler-yerel","category-olaylar-ve-gercekler","category-son-haberler","category-yerel"],"_links":{"self":[{"href":"https:\/\/archive.sana.sy\/tr\/index.php?rest_route=\/wp\/v2\/posts\/208979","targetHints":{"allow":["GET"]}}],"collection":[{"href":"https:\/\/archive.sana.sy\/tr\/index.php?rest_route=\/wp\/v2\/posts"}],"about":[{"href":"https:\/\/archive.sana.sy\/tr\/index.php?rest_route=\/wp\/v2\/types\/post"}],"author":[{"embeddable":true,"href":"https:\/\/archive.sana.sy\/tr\/index.php?rest_route=\/wp\/v2\/users\/36"}],"replies":[{"embeddable":true,"href":"https:\/\/archive.sana.sy\/tr\/index.php?rest_route=%2Fwp%2Fv2%2Fcomments&post=208979"}],"version-history":[{"count":0,"href":"https:\/\/archive.sana.sy\/tr\/index.php?rest_route=\/wp\/v2\/posts\/208979\/revisions"}],"wp:featuredmedia":[{"embeddable":true,"href":"https:\/\/archive.sana.sy\/tr\/index.php?rest_route=\/wp\/v2\/media\/208980"}],"wp:attachment":[{"href":"https:\/\/archive.sana.sy\/tr\/index.php?rest_route=%2Fwp%2Fv2%2Fmedia&parent=208979"}],"wp:term":[{"taxonomy":"category","embeddable":true,"href":"https:\/\/archive.sana.sy\/tr\/index.php?rest_route=%2Fwp%2Fv2%2Fcategories&post=208979"},{"taxonomy":"post_tag","embeddable":true,"href":"https:\/\/archive.sana.sy\/tr\/index.php?rest_route=%2Fwp%2Fv2%2Ftags&post=208979"}],"curies":[{"name":"wp","href":"https:\/\/api.w.org\/{rel}","templated":true}]}}